{"id":136858,"date":"2025-12-09T19:07:39","date_gmt":"2025-12-10T00:07:39","guid":{"rendered":"https:\/\/formalprision.com\/?p=136858"},"modified":"2025-12-09T19:07:39","modified_gmt":"2025-12-10T00:07:39","slug":"reconoce-cecilia-patron-al-iepac-por-30-anos-de-fortalecer-la-democracia-en-yucatan","status":"publish","type":"post","link":"https:\/\/formalprision.com\/?p=136858","title":{"rendered":"Reconoce Cecilia Patr\u00f3n al IEPAC por 30 a\u00f1os de fortalecer la democracia en Yucat\u00e1n"},"content":{"rendered":"\n<p>M\u00c9RIDA, Yucat\u00e1n.- Por el impulso a la participaci\u00f3n ciudadana y la certeza en los procesos electorales desde el IEPAC, la presidenta municipal Cecilia Patr\u00f3n Laviada felicit\u00f3 a quienes a lo largo de 30 a\u00f1os han contribuido a la solidez y credibilidad del Instituto.<\/p>\n\n\n\n<p>\u201cCelebramos tres d\u00e9cadas de una instituci\u00f3n pilar de nuestra vida democr\u00e1tica, que ha dotado de confianza a las elecciones, fortalecido la gobernanza democr\u00e1tica y promovido la participaci\u00f3n ciudadana al llevar informaci\u00f3n a toda la ciudadan\u00eda\u201d, destac\u00f3 la alcaldesa.<\/p>\n\n\n\n<p>Cecilia asisti\u00f3 a la ceremonia conmemorativa que se realiz\u00f3 en el auditorio \u201cSilvio Zavala Vallado\u201d del Centro Cultural de M\u00e9rida Olimpo, a invitaci\u00f3n del consejero presidente del del Instituto Electoral y de Participacio\u0301n Ciudadana de Yucata\u0301n (IEPAC), Moise\u0301s Bates Aguilar.<\/p>\n\n\n\n<p>\u201cLa democracia no se construye sola y la mejor forma en la que M\u00e9rida puede desarrollarse a plenitud es construyendo el futuro contando con la participaci\u00f3n de todos. Por eso es requisito indispensable contar con instituciones s\u00f3lidas, reglas claras y personas decididas a participar\u201d, destac\u00f3 la edil en su discurso.<\/p>\n\n\n\n<p>Sobre el IEPAC reconoci\u00f3 que las tareas van m\u00e1s all\u00e1 de la jornada electoral, que llega a todos los rincones del estado a lo largo del a\u00f1o con capacitaci\u00f3n que incrementa la cultura democr\u00e1tica, contribuyendo a que Yucat\u00e1n presente altos niveles de participaci\u00f3n.<\/p>\n\n\n\n<p>Como autoridad municipal, reiter\u00f3 su total apertura, disposici\u00f3n y compromiso para trabajar de manera conjunta en todas las acciones encaminadas a fortalecer la vida democr\u00e1tica de la capital yucateca.<\/p>\n\n\n\n<p>Se refiri\u00f3 al acompa\u00f1amiento del IEPAC durante las elecciones de autoridades auxiliares en las comisar\u00edas de M\u00e9rida, contribuyendo a hacer valer la voluntad de sectores hist\u00f3ricamente subrepresentados que hoy desarrollan formas propias de participaci\u00f3n.<\/p>\n\n\n\n<p>\u201cEnhorabuena a consejeros, colaboradores, capacitadores, funcionarios de casilla, observadores. El saldo democr\u00e1tico para M\u00e9rida es favorable gracias a su vocaci\u00f3n y trabajo\u201d, agradeci\u00f3.<\/p>\n\n\n\n<p>Por su parte, Bates Aguilar hizo un recuento del desarrollo de la instituci\u00f3n desde su creaci\u00f3n y reconoci\u00f3 a los actores que en diferentes momentos contribuyeron a su crecimiento y, con ello, a la consolidaci\u00f3n de la vida democr\u00e1tica en Yucat\u00e1n.<\/p>\n\n\n\n<p>Entreg\u00f3 junto a las autoridades reconocimientos al personal con m\u00e1s de 20 a\u00f1os de servicio.<\/p>\n\n\n\n<p>Finalmente el yucateco Dr. Uuc-kib Espadas, consejero del Instituto Nacional Electoral (INE), ofreci\u00f3 la conferencia magistral \u201cIEPAC, 30 an\u0303os de construccio\u0301n democra\u0301tica\u201d.<\/p>\n\n\n\n<p>Asistieron a la ceremonia Mirna Alejandra Manzanilla Romero, subsecretaria de Desarrollo Social y Asuntos Religiosos, de la Secretar\u00eda General de Gobierno, en representaci\u00f3n del gobernador del Estado de Yucat\u00e1n, Joaqu\u00edn D\u00edaz Mena; el Consejero del INE, Jorge Montan\u0303o Ventura; el magistrado Hernan Vega Burgos, en representaci\u00f3n del Poder Judicial de Yucata\u0301n; diputado Mario Alejandro Cuevas Mena, presidente de la Mesa Directiva del Congreso, autoridades electorales, legislativas y municipales.<\/p>\n","protected":false},"excerpt":{"rendered":"<p>M\u00c9RIDA, Yucat\u00e1n.- Por el impulso a la participaci\u00f3n ciudadana y la certeza en los procesos electorales desde el IEPAC, la presidenta municipal Cecilia Patr\u00f3n Laviada felicit\u00f3 a quienes a lo<\/p>\n","protected":false},"author":2,"featured_media":136860,"comment_status":"open","ping_status":"open","sticky":false,"template":"","format":"standard","meta":{"jetpack_post_was_ever_published":false,"_jetpack_newsletter_access":"","_jetpack_dont_email_post_to_subs":false,"_jetpack_newsletter_tier_id":0,"_jetpack_memberships_contains_paywalled_content":false,"_jetpack_memberships_contains_paid_content":false,"footnotes":"","jetpack_publicize_message":"","jetpack_publicize_feature_enabled":true,"jetpack_social_post_already_shared":true,"jetpack_social_options":{"image_generator_settings":{"template":"highway","default_image_id":0,"font":"","enabled":false},"version":2}},"categories":[14],"tags":[],"class_list":["post-136858","post","type-post","status-publish","format-standard","has-post-thumbnail","hentry","category-merida"],"jetpack_publicize_connections":[],"jetpack_featured_media_url":"https:\/\/formalprision.com\/wp-content\/uploads\/2025\/12\/WhatsApp-Image-2025-12-09-at-4.37.47-PM.jpeg","jetpack_sharing_enabled":true,"jetpack_shortlink":"https:\/\/wp.me\/p6id8p-zBo","_links":{"self":[{"href":"https:\/\/formalprision.com\/index.php?rest_route=\/wp\/v2\/posts\/136858","targetHints":{"allow":["GET"]}}],"collection":[{"href":"https:\/\/formalprision.com\/index.php?rest_route=\/wp\/v2\/posts"}],"about":[{"href":"https:\/\/formalprision.com\/index.php?rest_route=\/wp\/v2\/types\/post"}],"author":[{"embeddable":true,"href":"https:\/\/formalprision.com\/index.php?rest_route=\/wp\/v2\/users\/2"}],"replies":[{"embeddable":true,"href":"https:\/\/formalprision.com\/index.php?rest_route=%2Fwp%2Fv2%2Fcomments&post=136858"}],"version-history":[{"count":1,"href":"https:\/\/formalprision.com\/index.php?rest_route=\/wp\/v2\/posts\/136858\/revisions"}],"predecessor-version":[{"id":136859,"href":"https:\/\/formalprision.com\/index.php?rest_route=\/wp\/v2\/posts\/136858\/revisions\/136859"}],"wp:featuredmedia":[{"embeddable":true,"href":"https:\/\/formalprision.com\/index.php?rest_route=\/wp\/v2\/media\/136860"}],"wp:attachment":[{"href":"https:\/\/formalprision.com\/index.php?rest_route=%2Fwp%2Fv2%2Fmedia&parent=136858"}],"wp:term":[{"taxonomy":"category","embeddable":true,"href":"https:\/\/formalprision.com\/index.php?rest_route=%2Fwp%2Fv2%2Fcategories&post=136858"},{"taxonomy":"post_tag","embeddable":true,"href":"https:\/\/formalprision.com\/index.php?rest_route=%2Fwp%2Fv2%2Ftags&post=136858"}],"curies":[{"name":"wp","href":"https:\/\/api.w.org\/{rel}","templated":true}]}}