{"id":136867,"date":"2025-12-09T20:32:30","date_gmt":"2025-12-10T01:32:30","guid":{"rendered":"https:\/\/formalprision.com\/?p=136867"},"modified":"2025-12-11T05:09:28","modified_gmt":"2025-12-11T10:09:28","slug":"trump-afirma-que-maduro-tiene-los-dias-contados-y-no-descarta-una-invasion-a-venezuela","status":"publish","type":"post","link":"https:\/\/formalprision.com\/?p=136867","title":{"rendered":"Trump afirma que Maduro tiene los \u201cd\u00edas contados\u201d y no descarta una invasi\u00f3n a Venezuela"},"content":{"rendered":"\n<p>El presidente de Estados Unidos, Donald Trump, afirm\u00f3 en una entrevista que el mandatario venezolano, Nicol\u00e1s Maduro, tiene los d\u00edas \u201ccontados\u201d y no descart\u00f3 una posible invasi\u00f3n terrestre a Venezuela.<\/p>\n\n\n\n<p>\u201cSus d\u00edas est\u00e1n contados\u201d, declar\u00f3 Trump en una conversaci\u00f3n con Pol\u00edtico, tras ser consultado sobre hasta d\u00f3nde estar\u00eda dispuesto a llegar para sacar a Maduro del poder.<\/p>\n\n\n\n<p>El presidente evit\u00f3 responder cuando la periodista Dasha Burns le pregunt\u00f3 si pod\u00eda descartarse una intervenci\u00f3n terrestre con tropas estadounidenses desplegadas en territorio venezolano.<\/p>\n\n\n\n<p>\u201cNo quiero confirmarlo ni descartarlo. No quiero hablar de eso. \u00bfPor qu\u00e9 hablar\u00eda de eso con Politico, una publicaci\u00f3n tan hostil conmigo?\u201d, se\u00f1al\u00f3.<\/p>\n\n\n\n<p>El Gobierno de Trump, que no reconoce la legitimidad de Maduro y lo acusa de liderar el C\u00e1rtel de los Soles, ha desplegado desde verano una presencia militar sin precedentes en la regi\u00f3n con el argumento de combatir el narcotr\u00e1fico.<\/p>\n\n\n\n<p>Esa operaci\u00f3n, bautizada como Lanza del Sur, ha destruido una veintena de lanchas supuestamente cargadas con droga en el Caribe y el Pac\u00edfico, matando de forma extrajudicial a m\u00e1s de 80 personas, a las que Washington acusa de \u201cnarcoterroristas\u201d.<\/p>\n\n\n\n<p>Trump ha reiterado adem\u00e1s en varias ocasiones que \u201cpronto\u201d comenzar\u00e1n los ataques contra el narcotr\u00e1fico dentro del territorio venezolano.<\/p>\n\n\n\n<p>A pesar de la tensi\u00f3n, Trump y Maduro mantuvieron en noviembre una conversaci\u00f3n telef\u00f3nica que, seg\u00fan fuentes consultadas por The Washington Post, fue cordial.<\/p>\n\n\n\n<p>Durante la conversaci\u00f3n con Pol\u00edtico, el mandatario estadounidense manifest\u00f3 que le gustar\u00eda que Maduro renunciara al poder, aunque no fij\u00f3 ning\u00fan ultim\u00e1tum y ambos se comprometieron a mantener nuevos contactos en el futuro, a\u00f1ade el peri\u00f3dico.<\/p>\n","protected":false},"excerpt":{"rendered":"<p>El presidente de Estados Unidos, Donald Trump, afirm\u00f3 en una entrevista que el mandatario venezolano, Nicol\u00e1s Maduro, tiene los d\u00edas \u201ccontados\u201d y no descart\u00f3 una posible invasi\u00f3n terrestre a Venezuela.<\/p>\n","protected":false},"author":2,"featured_media":136869,"comment_status":"open","ping_status":"open","sticky":false,"template":"","format":"standard","meta":{"jetpack_post_was_ever_published":false,"_jetpack_newsletter_access":"","_jetpack_dont_email_post_to_subs":false,"_jetpack_newsletter_tier_id":0,"_jetpack_memberships_contains_paywalled_content":false,"_jetpack_memberships_contains_paid_content":false,"footnotes":"","jetpack_publicize_message":"","jetpack_publicize_feature_enabled":true,"jetpack_social_post_already_shared":true,"jetpack_social_options":{"image_generator_settings":{"template":"highway","default_image_id":0,"font":"","enabled":false},"version":2}},"categories":[23],"tags":[],"class_list":["post-136867","post","type-post","status-publish","format-standard","has-post-thumbnail","hentry","category-del-mundo"],"jetpack_publicize_connections":[],"jetpack_featured_media_url":"https:\/\/formalprision.com\/wp-content\/uploads\/2025\/12\/rum.jpg","jetpack_sharing_enabled":true,"jetpack_shortlink":"https:\/\/wp.me\/p6id8p-zBx","_links":{"self":[{"href":"https:\/\/formalprision.com\/index.php?rest_route=\/wp\/v2\/posts\/136867","targetHints":{"allow":["GET"]}}],"collection":[{"href":"https:\/\/formalprision.com\/index.php?rest_route=\/wp\/v2\/posts"}],"about":[{"href":"https:\/\/formalprision.com\/index.php?rest_route=\/wp\/v2\/types\/post"}],"author":[{"embeddable":true,"href":"https:\/\/formalprision.com\/index.php?rest_route=\/wp\/v2\/users\/2"}],"replies":[{"embeddable":true,"href":"https:\/\/formalprision.com\/index.php?rest_route=%2Fwp%2Fv2%2Fcomments&post=136867"}],"version-history":[{"count":1,"href":"https:\/\/formalprision.com\/index.php?rest_route=\/wp\/v2\/posts\/136867\/revisions"}],"predecessor-version":[{"id":136868,"href":"https:\/\/formalprision.com\/index.php?rest_route=\/wp\/v2\/posts\/136867\/revisions\/136868"}],"wp:featuredmedia":[{"embeddable":true,"href":"https:\/\/formalprision.com\/index.php?rest_route=\/wp\/v2\/media\/136869"}],"wp:attachment":[{"href":"https:\/\/formalprision.com\/index.php?rest_route=%2Fwp%2Fv2%2Fmedia&parent=136867"}],"wp:term":[{"taxonomy":"category","embeddable":true,"href":"https:\/\/formalprision.com\/index.php?rest_route=%2Fwp%2Fv2%2Fcategories&post=136867"},{"taxonomy":"post_tag","embeddable":true,"href":"https:\/\/formalprision.com\/index.php?rest_route=%2Fwp%2Fv2%2Ftags&post=136867"}],"curies":[{"name":"wp","href":"https:\/\/api.w.org\/{rel}","templated":true}]}}