{"id":136870,"date":"2025-12-09T22:16:44","date_gmt":"2025-12-10T03:16:44","guid":{"rendered":"https:\/\/formalprision.com\/?p=136870"},"modified":"2025-12-11T05:09:15","modified_gmt":"2025-12-11T10:09:15","slug":"el-sur-de-merida-brilla-con-su-arbol-navideno","status":"publish","type":"post","link":"https:\/\/formalprision.com\/?p=136870","title":{"rendered":"El sur de M\u00e9rida brilla con su \u00e1rbol navide\u00f1o"},"content":{"rendered":"\n<p>MERIDA, Yucat\u00e1n.- El sur de M\u00e9rida ya brilla con el sexto \u00e1rbol navide\u00f1o monumental que la presidenta municipal Cecilia Patr\u00f3n Laviada encendi\u00f3 acompa\u00f1ada de vecinas y vecinos de la zona.<\/p>\n\n\n\n<p>Desde La Arbolada de San Antonio Xluch III, la alcaldesa dijo que el Ayuntamiento sigue iluminando la ciudad con justicia social, llevando la magia de M\u00e9rida Brilla a cada rinc\u00f3n con caravanas, biciruta, videomapping, luces inmersivas y la pista de hielo.<\/p>\n\n\n\n<p>Invit\u00f3 a todas y todos a disfrutar la temporada en familia para fomentar la cohesi\u00f3n social que hace de M\u00e9rida una ciudad segura y de paz.<\/p>\n\n\n\n<p>Consulta las actividades del festival en: www.merida.gob.mx\/meridabrilla<\/p>\n","protected":false},"excerpt":{"rendered":"<p>MERIDA, Yucat\u00e1n.- El sur de M\u00e9rida ya brilla con el sexto \u00e1rbol navide\u00f1o monumental que la presidenta municipal Cecilia Patr\u00f3n Laviada encendi\u00f3 acompa\u00f1ada de vecinas y vecinos de la zona.<\/p>\n","protected":false},"author":2,"featured_media":136872,"comment_status":"open","ping_status":"open","sticky":false,"template":"","format":"standard","meta":{"jetpack_post_was_ever_published":false,"_jetpack_newsletter_access":"","_jetpack_dont_email_post_to_subs":false,"_jetpack_newsletter_tier_id":0,"_jetpack_memberships_contains_paywalled_content":false,"_jetpack_memberships_contains_paid_content":false,"footnotes":"","jetpack_publicize_message":"","jetpack_publicize_feature_enabled":true,"jetpack_social_post_already_shared":true,"jetpack_social_options":{"image_generator_settings":{"template":"highway","default_image_id":0,"font":"","enabled":false},"version":2}},"categories":[14],"tags":[],"class_list":["post-136870","post","type-post","status-publish","format-standard","has-post-thumbnail","hentry","category-merida"],"jetpack_publicize_connections":[],"jetpack_featured_media_url":"https:\/\/formalprision.com\/wp-content\/uploads\/2025\/12\/WhatsApp-Image-2025-12-09-at-9.02.34-PM.jpeg","jetpack_sharing_enabled":true,"jetpack_shortlink":"https:\/\/wp.me\/p6id8p-zBA","_links":{"self":[{"href":"https:\/\/formalprision.com\/index.php?rest_route=\/wp\/v2\/posts\/136870","targetHints":{"allow":["GET"]}}],"collection":[{"href":"https:\/\/formalprision.com\/index.php?rest_route=\/wp\/v2\/posts"}],"about":[{"href":"https:\/\/formalprision.com\/index.php?rest_route=\/wp\/v2\/types\/post"}],"author":[{"embeddable":true,"href":"https:\/\/formalprision.com\/index.php?rest_route=\/wp\/v2\/users\/2"}],"replies":[{"embeddable":true,"href":"https:\/\/formalprision.com\/index.php?rest_route=%2Fwp%2Fv2%2Fcomments&post=136870"}],"version-history":[{"count":1,"href":"https:\/\/formalprision.com\/index.php?rest_route=\/wp\/v2\/posts\/136870\/revisions"}],"predecessor-version":[{"id":136871,"href":"https:\/\/formalprision.com\/index.php?rest_route=\/wp\/v2\/posts\/136870\/revisions\/136871"}],"wp:featuredmedia":[{"embeddable":true,"href":"https:\/\/formalprision.com\/index.php?rest_route=\/wp\/v2\/media\/136872"}],"wp:attachment":[{"href":"https:\/\/formalprision.com\/index.php?rest_route=%2Fwp%2Fv2%2Fmedia&parent=136870"}],"wp:term":[{"taxonomy":"category","embeddable":true,"href":"https:\/\/formalprision.com\/index.php?rest_route=%2Fwp%2Fv2%2Fcategories&post=136870"},{"taxonomy":"post_tag","embeddable":true,"href":"https:\/\/formalprision.com\/index.php?rest_route=%2Fwp%2Fv2%2Ftags&post=136870"}],"curies":[{"name":"wp","href":"https:\/\/api.w.org\/{rel}","templated":true}]}}