{"id":136878,"date":"2025-12-10T09:24:38","date_gmt":"2025-12-10T14:24:38","guid":{"rendered":"https:\/\/formalprision.com\/?p=136878"},"modified":"2025-12-10T11:01:13","modified_gmt":"2025-12-10T16:01:13","slug":"detenido-en-yucatan-acusado-de-desaparicion-de-personas-en-quintana-roo","status":"publish","type":"post","link":"https:\/\/formalprision.com\/?p=136878","title":{"rendered":"Detenido en Yucat\u00e1n acusado de desaparici\u00f3n de personas en Quintana Roo"},"content":{"rendered":"\n<p>Fue puesto a disposici\u00f3n de un Juez de Control del Estado de Quintana Roo, Jacobo \u201cN\u201d, acusado en esa entidad del delito de desaparici\u00f3n de personas cometida por particulares.<\/p>\n\n\n\n<p>Agentes investigadores de la Secretar\u00eda de Seguridad P\u00fablica (SSP) en coordinaci\u00f3n con la Fiscal\u00eda General del Estado (FGE), colaboraron con sus hom\u00f3logos quintanarroenses para la detenci\u00f3n del sujeto y su entrega a las autoridades judiciales.<\/p>\n\n\n\n<p>Este individuo hab\u00eda sido detenido anteayer en M\u00e9rida por portaci\u00f3n de sustancias il\u00edcitas y hoy, tras el intercambio de informaci\u00f3n con las autoridades de Quintana Roo acerca de la causa penal que se le sigue, se ejecut\u00f3 la orden de aprehensi\u00f3n por el delito de desaparici\u00f3n cometida por particulares.<\/p>\n\n\n\n<p>Los hechos ocurrieron en el poblado de Tihosuco, municipio de Felipe Carrillo Puerto, el pasado 30 de marzo de este a\u00f1o, cuando Jacobo \u201cN\u201d, en compa\u00f1\u00eda de otros sujetos, interceptaron la motocicleta en la que viajaba un hombre de identidad reservada (A.J.H.C.) , junto con un familiar, contra quienes arrojaron piedras y dispararon con arma de fuego; luego subieron a la v\u00edctima a un veh\u00edculo contra su voluntad y se lo llevaron.<\/p>\n\n\n\n<p>La colaboraci\u00f3n entre autoridades de seguridad p\u00fablica y procuraci\u00f3n de justicia de Yucat\u00e1n y Quintana Roo, as\u00ed como tambi\u00e9n fuerza federales, permitieron que el individuo sea puesto ante la justicia de la cual se hab\u00eda evadido.<\/p>\n","protected":false},"excerpt":{"rendered":"<p>Fue puesto a disposici\u00f3n de un Juez de Control del Estado de Quintana Roo, Jacobo \u201cN\u201d, acusado en esa entidad del delito de desaparici\u00f3n de personas cometida por particulares. Agentes<\/p>\n","protected":false},"author":1,"featured_media":136879,"comment_status":"open","ping_status":"open","sticky":false,"template":"","format":"standard","meta":{"jetpack_post_was_ever_published":false,"_jetpack_newsletter_access":"","_jetpack_dont_email_post_to_subs":false,"_jetpack_newsletter_tier_id":0,"_jetpack_memberships_contains_paywalled_content":false,"_jetpack_memberships_contains_paid_content":false,"footnotes":"","jetpack_publicize_message":"","jetpack_publicize_feature_enabled":true,"jetpack_social_post_already_shared":true,"jetpack_social_options":{"image_generator_settings":{"template":"highway","default_image_id":0,"font":"","enabled":false},"version":2}},"categories":[54],"tags":[],"class_list":["post-136878","post","type-post","status-publish","format-standard","has-post-thumbnail","hentry","category-yucatan"],"jetpack_publicize_connections":[],"jetpack_featured_media_url":"https:\/\/formalprision.com\/wp-content\/uploads\/2025\/12\/IMG-20251209-WA0163.jpg","jetpack_sharing_enabled":true,"jetpack_shortlink":"https:\/\/wp.me\/p6id8p-zBI","_links":{"self":[{"href":"https:\/\/formalprision.com\/index.php?rest_route=\/wp\/v2\/posts\/136878","targetHints":{"allow":["GET"]}}],"collection":[{"href":"https:\/\/formalprision.com\/index.php?rest_route=\/wp\/v2\/posts"}],"about":[{"href":"https:\/\/formalprision.com\/index.php?rest_route=\/wp\/v2\/types\/post"}],"author":[{"embeddable":true,"href":"https:\/\/formalprision.com\/index.php?rest_route=\/wp\/v2\/users\/1"}],"replies":[{"embeddable":true,"href":"https:\/\/formalprision.com\/index.php?rest_route=%2Fwp%2Fv2%2Fcomments&post=136878"}],"version-history":[{"count":1,"href":"https:\/\/formalprision.com\/index.php?rest_route=\/wp\/v2\/posts\/136878\/revisions"}],"predecessor-version":[{"id":136880,"href":"https:\/\/formalprision.com\/index.php?rest_route=\/wp\/v2\/posts\/136878\/revisions\/136880"}],"wp:featuredmedia":[{"embeddable":true,"href":"https:\/\/formalprision.com\/index.php?rest_route=\/wp\/v2\/media\/136879"}],"wp:attachment":[{"href":"https:\/\/formalprision.com\/index.php?rest_route=%2Fwp%2Fv2%2Fmedia&parent=136878"}],"wp:term":[{"taxonomy":"category","embeddable":true,"href":"https:\/\/formalprision.com\/index.php?rest_route=%2Fwp%2Fv2%2Fcategories&post=136878"},{"taxonomy":"post_tag","embeddable":true,"href":"https:\/\/formalprision.com\/index.php?rest_route=%2Fwp%2Fv2%2Ftags&post=136878"}],"curies":[{"name":"wp","href":"https:\/\/api.w.org\/{rel}","templated":true}]}}