{"id":136885,"date":"2025-12-10T10:55:50","date_gmt":"2025-12-10T15:55:50","guid":{"rendered":"https:\/\/formalprision.com\/?p=136885"},"modified":"2025-12-10T10:55:50","modified_gmt":"2025-12-10T15:55:50","slug":"alfonso-scarano-nuevo-director-de-la-orquesta-sinfonica-de-yucatan","status":"publish","type":"post","link":"https:\/\/formalprision.com\/?p=136885","title":{"rendered":"Alfonso Scarano, nuevo director de la Orquesta Sinf\u00f3nica de Yucat\u00e1n"},"content":{"rendered":"\n<p>M\u00e9rida, Yucat\u00e1n, a 10 de diciembre de 2025 La Orquesta Sinf\u00f3nica de Yucat\u00e1n (OSY) inicia una nueva etapa bajo la direcci\u00f3n del maestro Alfonso Scarano, quien har\u00e1 su presentaci\u00f3n oficial al frente de la agrupaci\u00f3n durante la Tradicional Gala Sinf\u00f3nica Navide\u00f1a, programada para el pr\u00f3ximo domingo 14 de diciembre, a las 7:00 p.m., en el Parque La Plancha.<br>&nbsp;<br>El gobernador Joaqu\u00edn D\u00edaz Mena inform\u00f3 que la elecci\u00f3n del nuevo director se llev\u00f3 a cabo mediante un proceso in\u00e9dito organizado por el Patronato para la Orquesta Sinf\u00f3nica de Yucat\u00e1n, con el objetivo de fortalecer el perfil art\u00edstico y el desarrollo institucional de la agrupaci\u00f3n.<br>&nbsp;<br>Alfonso Scarano, de origen italiano, cuenta con una destacada trayectoria internacional, pues desde el 2011 hasta el 2024 estuvo vinculado a la Orquesta Filarm\u00f3nica de Tailandia, de la cual fue director titular de 2017 a 2024, periodo en el que contribuy\u00f3 a posicionarla a nivel internacional.<br>&nbsp;<br>Previamente, fue director titular de la Filarm\u00f3nica del Norte de Bohemia en Teplice, Rep\u00fablica Checa (2013\u20132018), as\u00ed como director invitado principal de los Virtuosos de Praga (2000\u20132010), colaborando en giras y proyectos sinf\u00f3nicos de gran proyecci\u00f3n.<br>&nbsp;<br>Desde 2017 y hasta la actualidad, se desempe\u00f1a como director invitado habitual de la Orquesta Sinf\u00f3nica Estatal IDSO en Estambul, consolid\u00e1ndose como una batuta de amplia experiencia en repertorios sinf\u00f3nicos, oper\u00edsticos y colaboraciones con solistas de talla internacional.<br>&nbsp;<\/p>\n","protected":false},"excerpt":{"rendered":"<p>M\u00e9rida, Yucat\u00e1n, a 10 de diciembre de 2025 La Orquesta Sinf\u00f3nica de Yucat\u00e1n (OSY) inicia una nueva etapa bajo la direcci\u00f3n del maestro Alfonso Scarano, quien har\u00e1 su presentaci\u00f3n oficial<\/p>\n","protected":false},"author":1,"featured_media":136886,"comment_status":"open","ping_status":"open","sticky":false,"template":"","format":"standard","meta":{"jetpack_post_was_ever_published":false,"_jetpack_newsletter_access":"","_jetpack_dont_email_post_to_subs":false,"_jetpack_newsletter_tier_id":0,"_jetpack_memberships_contains_paywalled_content":false,"_jetpack_memberships_contains_paid_content":false,"footnotes":"","jetpack_publicize_message":"","jetpack_publicize_feature_enabled":true,"jetpack_social_post_already_shared":true,"jetpack_social_options":{"image_generator_settings":{"template":"highway","default_image_id":0,"font":"","enabled":false},"version":2}},"categories":[14],"tags":[],"class_list":["post-136885","post","type-post","status-publish","format-standard","has-post-thumbnail","hentry","category-merida"],"jetpack_publicize_connections":[],"jetpack_featured_media_url":"https:\/\/formalprision.com\/wp-content\/uploads\/2025\/12\/IMG-20251210-WA0022.jpg","jetpack_sharing_enabled":true,"jetpack_shortlink":"https:\/\/wp.me\/p6id8p-zBP","_links":{"self":[{"href":"https:\/\/formalprision.com\/index.php?rest_route=\/wp\/v2\/posts\/136885","targetHints":{"allow":["GET"]}}],"collection":[{"href":"https:\/\/formalprision.com\/index.php?rest_route=\/wp\/v2\/posts"}],"about":[{"href":"https:\/\/formalprision.com\/index.php?rest_route=\/wp\/v2\/types\/post"}],"author":[{"embeddable":true,"href":"https:\/\/formalprision.com\/index.php?rest_route=\/wp\/v2\/users\/1"}],"replies":[{"embeddable":true,"href":"https:\/\/formalprision.com\/index.php?rest_route=%2Fwp%2Fv2%2Fcomments&post=136885"}],"version-history":[{"count":1,"href":"https:\/\/formalprision.com\/index.php?rest_route=\/wp\/v2\/posts\/136885\/revisions"}],"predecessor-version":[{"id":136887,"href":"https:\/\/formalprision.com\/index.php?rest_route=\/wp\/v2\/posts\/136885\/revisions\/136887"}],"wp:featuredmedia":[{"embeddable":true,"href":"https:\/\/formalprision.com\/index.php?rest_route=\/wp\/v2\/media\/136886"}],"wp:attachment":[{"href":"https:\/\/formalprision.com\/index.php?rest_route=%2Fwp%2Fv2%2Fmedia&parent=136885"}],"wp:term":[{"taxonomy":"category","embeddable":true,"href":"https:\/\/formalprision.com\/index.php?rest_route=%2Fwp%2Fv2%2Fcategories&post=136885"},{"taxonomy":"post_tag","embeddable":true,"href":"https:\/\/formalprision.com\/index.php?rest_route=%2Fwp%2Fv2%2Ftags&post=136885"}],"curies":[{"name":"wp","href":"https:\/\/api.w.org\/{rel}","templated":true}]}}