{"id":136894,"date":"2025-12-11T00:06:09","date_gmt":"2025-12-11T05:06:09","guid":{"rendered":"https:\/\/formalprision.com\/?p=136894"},"modified":"2025-12-12T10:04:19","modified_gmt":"2025-12-12T15:04:19","slug":"participa-cecilia-patron-en-la-conferencia-nacional-de-seguridad-publica-nacional","status":"publish","type":"post","link":"https:\/\/formalprision.com\/?p=136894","title":{"rendered":"Participa Cecilia Patr\u00f3n en la Conferencia Nacional de Seguridad P\u00fablica Nacional"},"content":{"rendered":"\n<p>CIUDAD DE M\u00c9XICO.- La presidenta municipal de M\u00e9rida, Cecilia Patr\u00f3n Laviada, asisti\u00f3 a la Primera Asamblea Plenaria Ordinaria 2025 de la Conferencia Nacional de Seguridad P\u00fablica Municipal, encabezada por Omar Garc\u00eda Harfuch, secretario de Seguridad y Protecci\u00f3n Ciudadana del Gobierno de M\u00e9xico.<\/p>\n\n\n\n<p>\u201cM\u00e9rida es reconocida por su paz social, que se construye con la participaci\u00f3n ciudadana y el sentido de comunidad\u201d, destac\u00f3 la alcaldesa.<\/p>\n\n\n\n<p>Desde M\u00e9rida refrendamos el compromiso de seguir siendo la ciudad m\u00e1s segura del pa\u00eds, con acciones permanentes, coordinaci\u00f3n institucional y el cuidado diario de nuestra gente.<\/p>\n\n\n\n<p>La capital yucateca es la m\u00e1s segura del pa\u00eds. Ocupa el primer lugar con menor incidencia delictiva al registrar 172.1 delitos por cada 100 mil habitantes, menor a la tasa nacional de 1 mil 018.4 delitos de acuerdo a datos de agosto de 2025 del Secretariado Ejecutivo del Sistema Nacional de Seguridad P\u00fablica.<\/p>\n\n\n\n<p>Adem\u00e1s, se registran seis veces menos delitos en M\u00e9rida que a nivel nacional.<\/p>\n\n\n\n<p>Y es la segunda ciudad m\u00e1s segura de Am\u00e9rica, solo por debajo de Quebec City, Canad\u00e1, de acuerdo a CEOWORLD magazine, 2024.<\/p>\n","protected":false},"excerpt":{"rendered":"<p>CIUDAD DE M\u00c9XICO.- La presidenta municipal de M\u00e9rida, Cecilia Patr\u00f3n Laviada, asisti\u00f3 a la Primera Asamblea Plenaria Ordinaria 2025 de la Conferencia Nacional de Seguridad P\u00fablica Municipal, encabezada por Omar<\/p>\n","protected":false},"author":2,"featured_media":136896,"comment_status":"open","ping_status":"open","sticky":false,"template":"","format":"standard","meta":{"jetpack_post_was_ever_published":false,"_jetpack_newsletter_access":"","_jetpack_dont_email_post_to_subs":false,"_jetpack_newsletter_tier_id":0,"_jetpack_memberships_contains_paywalled_content":false,"_jetpack_memberships_contains_paid_content":false,"footnotes":"","jetpack_publicize_message":"","jetpack_publicize_feature_enabled":true,"jetpack_social_post_already_shared":true,"jetpack_social_options":{"image_generator_settings":{"template":"highway","default_image_id":0,"font":"","enabled":false},"version":2}},"categories":[14],"tags":[],"class_list":["post-136894","post","type-post","status-publish","format-standard","has-post-thumbnail","hentry","category-merida"],"jetpack_publicize_connections":[],"jetpack_featured_media_url":"https:\/\/formalprision.com\/wp-content\/uploads\/2025\/12\/WhatsApp-Image-2025-12-10-at-8.58.54-PM.jpeg","jetpack_sharing_enabled":true,"jetpack_shortlink":"https:\/\/wp.me\/p6id8p-zBY","_links":{"self":[{"href":"https:\/\/formalprision.com\/index.php?rest_route=\/wp\/v2\/posts\/136894","targetHints":{"allow":["GET"]}}],"collection":[{"href":"https:\/\/formalprision.com\/index.php?rest_route=\/wp\/v2\/posts"}],"about":[{"href":"https:\/\/formalprision.com\/index.php?rest_route=\/wp\/v2\/types\/post"}],"author":[{"embeddable":true,"href":"https:\/\/formalprision.com\/index.php?rest_route=\/wp\/v2\/users\/2"}],"replies":[{"embeddable":true,"href":"https:\/\/formalprision.com\/index.php?rest_route=%2Fwp%2Fv2%2Fcomments&post=136894"}],"version-history":[{"count":1,"href":"https:\/\/formalprision.com\/index.php?rest_route=\/wp\/v2\/posts\/136894\/revisions"}],"predecessor-version":[{"id":136895,"href":"https:\/\/formalprision.com\/index.php?rest_route=\/wp\/v2\/posts\/136894\/revisions\/136895"}],"wp:featuredmedia":[{"embeddable":true,"href":"https:\/\/formalprision.com\/index.php?rest_route=\/wp\/v2\/media\/136896"}],"wp:attachment":[{"href":"https:\/\/formalprision.com\/index.php?rest_route=%2Fwp%2Fv2%2Fmedia&parent=136894"}],"wp:term":[{"taxonomy":"category","embeddable":true,"href":"https:\/\/formalprision.com\/index.php?rest_route=%2Fwp%2Fv2%2Fcategories&post=136894"},{"taxonomy":"post_tag","embeddable":true,"href":"https:\/\/formalprision.com\/index.php?rest_route=%2Fwp%2Fv2%2Ftags&post=136894"}],"curies":[{"name":"wp","href":"https:\/\/api.w.org\/{rel}","templated":true}]}}