{"id":136965,"date":"2025-12-13T15:38:46","date_gmt":"2025-12-13T20:38:46","guid":{"rendered":"https:\/\/formalprision.com\/?p=136965"},"modified":"2025-12-14T21:47:29","modified_gmt":"2025-12-15T02:47:29","slug":"entrega-diaz-mena-equipamiento-para-mejorar-planteles-del-cecytey","status":"publish","type":"post","link":"https:\/\/formalprision.com\/?p=136965","title":{"rendered":"Entrega D\u00edaz Mena equipamiento para mejorar planteles del Cecytey"},"content":{"rendered":"\n<p>Hunucm\u00e1, Yucat\u00e1n, a 13 de diciembre de 2025.-El gobernador Joaqu\u00edn D\u00edaz Mena encabez\u00f3 la entrega de equipamiento para mejorar los planteles del Colegio de Estudios Cient\u00edficos y Tecnol\u00f3gicos del Estado de Yucat\u00e1n (Cecytey), reafirmando su compromiso de impulsar la educaci\u00f3n, garantizar la seguridad en los centros escolares y ampliar las oportunidades de estudiantes, con el objetivo de reducir desigualdades y contribuir al desarrollo equitativo en Yucat\u00e1n.<br>&nbsp;<br>Desde la sede del Cecytey Hunucm\u00e1, el mandatario se\u00f1al\u00f3 que el equipamiento entregado responde a una realidad que durante a\u00f1os fue ignorada. Precis\u00f3 que la calidad educativa depende de contar con condiciones adecuadas para ense\u00f1ar, y motiv\u00f3 a las y los estudiantes al recordarles que el futuro de Yucat\u00e1n est\u00e1 en sus manos.<br>&nbsp;<br>Durante el evento, anunci\u00f3 que instruy\u00f3 que el pr\u00f3ximo a\u00f1o se construya en ese plantel un taller de soldadura y que, en las pr\u00f3ximas semanas, se edifique un comedor para comidas calientes en la Escuela Preescolar \u201cConstituci\u00f3n de 1856\u201d, con una inversi\u00f3n superior a un mill\u00f3n de pesos.<br>&nbsp;<br>En su intervenci\u00f3n, el director general del Cecytey, Jer\u00f3nimo Escalante Pav\u00eda, indic\u00f3 que se dotar\u00e1 de equipo a los siete planteles y se atender\u00e1n necesidades b\u00e1sicas que antes no se cubr\u00edan adecuadamente.<br>&nbsp;<br>Asimismo, como parte de este programa, se entreg\u00f3 equipo de c\u00f3mputo para modernizar cinco planteles, junto con paquetes de audio y pantallas, con lo que todos los aires acondicionados se encuentran en operaci\u00f3n.<br>&nbsp;<br>Tambi\u00e9n se dot\u00f3 a los talleres de las 16 carreras con m\u00e1quinas de soldar y equipo especializado, lo que permite atender una necesidad hist\u00f3rica.<br>&nbsp;<\/p>\n","protected":false},"excerpt":{"rendered":"<p>Hunucm\u00e1, Yucat\u00e1n, a 13 de diciembre de 2025.-El gobernador Joaqu\u00edn D\u00edaz Mena encabez\u00f3 la entrega de equipamiento para mejorar los planteles del Colegio de Estudios Cient\u00edficos y Tecnol\u00f3gicos del Estado<\/p>\n","protected":false},"author":1,"featured_media":136966,"comment_status":"open","ping_status":"open","sticky":false,"template":"","format":"standard","meta":{"jetpack_post_was_ever_published":false,"_jetpack_newsletter_access":"","_jetpack_dont_email_post_to_subs":false,"_jetpack_newsletter_tier_id":0,"_jetpack_memberships_contains_paywalled_content":false,"_jetpack_memberships_contains_paid_content":false,"footnotes":"","jetpack_publicize_message":"","jetpack_publicize_feature_enabled":true,"jetpack_social_post_already_shared":true,"jetpack_social_options":{"image_generator_settings":{"template":"highway","default_image_id":0,"font":"","enabled":false},"version":2}},"categories":[54],"tags":[],"class_list":["post-136965","post","type-post","status-publish","format-standard","has-post-thumbnail","hentry","category-yucatan"],"jetpack_publicize_connections":[],"jetpack_featured_media_url":"https:\/\/formalprision.com\/wp-content\/uploads\/2025\/12\/IMG-20251213-WA0033.jpg","jetpack_sharing_enabled":true,"jetpack_shortlink":"https:\/\/wp.me\/p6id8p-zD7","_links":{"self":[{"href":"https:\/\/formalprision.com\/index.php?rest_route=\/wp\/v2\/posts\/136965","targetHints":{"allow":["GET"]}}],"collection":[{"href":"https:\/\/formalprision.com\/index.php?rest_route=\/wp\/v2\/posts"}],"about":[{"href":"https:\/\/formalprision.com\/index.php?rest_route=\/wp\/v2\/types\/post"}],"author":[{"embeddable":true,"href":"https:\/\/formalprision.com\/index.php?rest_route=\/wp\/v2\/users\/1"}],"replies":[{"embeddable":true,"href":"https:\/\/formalprision.com\/index.php?rest_route=%2Fwp%2Fv2%2Fcomments&post=136965"}],"version-history":[{"count":1,"href":"https:\/\/formalprision.com\/index.php?rest_route=\/wp\/v2\/posts\/136965\/revisions"}],"predecessor-version":[{"id":136967,"href":"https:\/\/formalprision.com\/index.php?rest_route=\/wp\/v2\/posts\/136965\/revisions\/136967"}],"wp:featuredmedia":[{"embeddable":true,"href":"https:\/\/formalprision.com\/index.php?rest_route=\/wp\/v2\/media\/136966"}],"wp:attachment":[{"href":"https:\/\/formalprision.com\/index.php?rest_route=%2Fwp%2Fv2%2Fmedia&parent=136965"}],"wp:term":[{"taxonomy":"category","embeddable":true,"href":"https:\/\/formalprision.com\/index.php?rest_route=%2Fwp%2Fv2%2Fcategories&post=136965"},{"taxonomy":"post_tag","embeddable":true,"href":"https:\/\/formalprision.com\/index.php?rest_route=%2Fwp%2Fv2%2Ftags&post=136965"}],"curies":[{"name":"wp","href":"https:\/\/api.w.org\/{rel}","templated":true}]}}