{"id":136984,"date":"2025-12-14T21:05:16","date_gmt":"2025-12-15T02:05:16","guid":{"rendered":"https:\/\/formalprision.com\/?p=136984"},"modified":"2025-12-16T09:06:56","modified_gmt":"2025-12-16T14:06:56","slug":"panadero-y-su-hijo-deberan-indemnizar-a-los-padres-de-un-ladron-que-intento-asaltar-su-local","status":"publish","type":"post","link":"https:\/\/formalprision.com\/?p=136984","title":{"rendered":"Panadero y su hijo deber\u00e1n indemnizar a los padres de un ladr\u00f3n que intent\u00f3 asaltar su local"},"content":{"rendered":"\n<p>La Corte Suprema confirm\u00f3 la condena contra un panadero y su hijo por la muerte de un joven que hab\u00eda intentado asaltar su local en Chile en 2015, orden\u00e1ndoles pagar una indemnizaci\u00f3n de unos 22 mil d\u00f3lares a sus padres.<\/p>\n\n\n\n<p>El tribunal sostuvo que el fallecimiento no ocurri\u00f3 en un contexto de leg\u00edtima defensa inmediata, sino como consecuencia de una \u201cacci\u00f3n dolosa\u201d cometida cuando ambos persiguieron y dispararon al asaltante mientras hu\u00eda.<\/p>\n\n\n\n<p>La sentencia establece que la reacci\u00f3n excedi\u00f3 los l\u00edmites legales y caus\u00f3 un \u201cperjuicio extrapatrimonial\u201d a la familia del joven, cerrando as\u00ed definitivamente la v\u00eda judicial y dejando firme el pago por da\u00f1o moral.<\/p>\n","protected":false},"excerpt":{"rendered":"<p>La Corte Suprema confirm\u00f3 la condena contra un panadero y su hijo por la muerte de un joven que hab\u00eda intentado asaltar su local en Chile en 2015, orden\u00e1ndoles pagar<\/p>\n","protected":false},"author":2,"featured_media":136986,"comment_status":"open","ping_status":"open","sticky":false,"template":"","format":"standard","meta":{"jetpack_post_was_ever_published":false,"_jetpack_newsletter_access":"","_jetpack_dont_email_post_to_subs":false,"_jetpack_newsletter_tier_id":0,"_jetpack_memberships_contains_paywalled_content":false,"_jetpack_memberships_contains_paid_content":false,"footnotes":"","jetpack_publicize_message":"","jetpack_publicize_feature_enabled":true,"jetpack_social_post_already_shared":true,"jetpack_social_options":{"image_generator_settings":{"template":"highway","default_image_id":0,"font":"","enabled":false},"version":2}},"categories":[23],"tags":[],"class_list":["post-136984","post","type-post","status-publish","format-standard","has-post-thumbnail","hentry","category-del-mundo"],"jetpack_publicize_connections":[],"jetpack_featured_media_url":"https:\/\/formalprision.com\/wp-content\/uploads\/2025\/12\/WhatsApp-Image-2025-12-14-at-5.31.08-PM.jpeg","jetpack_sharing_enabled":true,"jetpack_shortlink":"https:\/\/wp.me\/p6id8p-zDq","_links":{"self":[{"href":"https:\/\/formalprision.com\/index.php?rest_route=\/wp\/v2\/posts\/136984","targetHints":{"allow":["GET"]}}],"collection":[{"href":"https:\/\/formalprision.com\/index.php?rest_route=\/wp\/v2\/posts"}],"about":[{"href":"https:\/\/formalprision.com\/index.php?rest_route=\/wp\/v2\/types\/post"}],"author":[{"embeddable":true,"href":"https:\/\/formalprision.com\/index.php?rest_route=\/wp\/v2\/users\/2"}],"replies":[{"embeddable":true,"href":"https:\/\/formalprision.com\/index.php?rest_route=%2Fwp%2Fv2%2Fcomments&post=136984"}],"version-history":[{"count":1,"href":"https:\/\/formalprision.com\/index.php?rest_route=\/wp\/v2\/posts\/136984\/revisions"}],"predecessor-version":[{"id":136985,"href":"https:\/\/formalprision.com\/index.php?rest_route=\/wp\/v2\/posts\/136984\/revisions\/136985"}],"wp:featuredmedia":[{"embeddable":true,"href":"https:\/\/formalprision.com\/index.php?rest_route=\/wp\/v2\/media\/136986"}],"wp:attachment":[{"href":"https:\/\/formalprision.com\/index.php?rest_route=%2Fwp%2Fv2%2Fmedia&parent=136984"}],"wp:term":[{"taxonomy":"category","embeddable":true,"href":"https:\/\/formalprision.com\/index.php?rest_route=%2Fwp%2Fv2%2Fcategories&post=136984"},{"taxonomy":"post_tag","embeddable":true,"href":"https:\/\/formalprision.com\/index.php?rest_route=%2Fwp%2Fv2%2Ftags&post=136984"}],"curies":[{"name":"wp","href":"https:\/\/api.w.org\/{rel}","templated":true}]}}