{"id":137005,"date":"2025-12-15T22:09:56","date_gmt":"2025-12-16T03:09:56","guid":{"rendered":"https:\/\/formalprision.com\/?p=137005"},"modified":"2025-12-16T19:51:29","modified_gmt":"2025-12-17T00:51:29","slug":"merida-fortalece-sus-mercados-con-limpieza-seguridad-y-mejor-infraestructura-cecilia-patron","status":"publish","type":"post","link":"https:\/\/formalprision.com\/?p=137005","title":{"rendered":"M\u00e9rida fortalece sus mercados con limpieza, seguridad y mejor infraestructura: Cecilia Patr\u00f3n"},"content":{"rendered":"\n<p>M\u00c9RIDA, Yucat\u00e1n.- Desde el coraz\u00f3n de la ciudad, en el mercado Lucas de G\u00e1lvez, la presidenta municipal Cecilia Patr\u00f3n Laviada destac\u00f3 la importancia de los mercados p\u00fablicos como espacios emblem\u00e1ticos de convivencia, econom\u00eda y tradici\u00f3n.<\/p>\n\n\n\n<p>Rodeada de los edificios que albergan el Museo de la Ciudad y el Portal de Granos, subray\u00f3 que estos centros forman parte de la identidad de M\u00e9rida y son fundamentales para el sustento de miles de familias.<\/p>\n\n\n\n<p>\u201cLos mercados son el coraz\u00f3n vivo de M\u00e9rida, lugares donde se trabaja desde muy temprano y donde se construye comunidad todos los d\u00edas\u201d, expres\u00f3.<\/p>\n\n\n\n<p>Acompa\u00f1ada de los coordinadores generales Liz Basto Avil\u00e9s, de Buen Gobierno, y Carlos Vi\u00f1as Heredia, de Gesti\u00f3n de la Ciudad, la alcaldesa destac\u00f3 en su rueda de prensa semanal que, en cumplimiento del compromiso con la limpieza y la salud p\u00fablica, el Ayuntamiento retir\u00f3 ocho toneladas de desechos acumulados en los techos de los locales del Mercado Lucas de G\u00e1lvez, como parte de la campa\u00f1a \u00abEl mercado es tuyo, cu\u00eddalo\u00bb.<\/p>\n\n\n\n<p>Adem\u00e1s, se realizaron dos mega operativos de limpieza y desazolve en los mercados Lucas de G\u00e1lvez, San Benito, Santa Ana y Santiago, retirando m\u00e1s de 360 mil metros c\u00fabicos de residuos. De manera paralela, se ha dado mantenimiento y mejora de infraestructura en 14 mercados p\u00fablicos, con acciones constantes que reflejan una atenci\u00f3n cercana y permanente por parte del gobierno municipal.<\/p>\n\n\n\n<p>\u201cAs\u00ed como iniciamos el a\u00f1o hablando de limpieza, hoy lo cerramos aqu\u00ed, demostrando que el compromiso se cumple\u201d, afirm\u00f3 la edil.<\/p>\n\n\n\n<p>Agreg\u00f3 que, mensualmente se recolectan m\u00e1s de 503 toneladas de basura en los mercados, se realiza lavado diario de pisos y recubrimientos y se han ejecutado trabajos de pintura en 1 mil 800 metros cuadrados, se han llevado a cabo 1 mil 860 acciones de iluminaci\u00f3n, 2 mil 510 de plomer\u00eda y 600 servicios de electricidad. Entre las acciones, tambi\u00e9n destaca la colocaci\u00f3n de 1 mil 200 l\u00e1mparas ahorradoras y la instalaci\u00f3n de cuatro extractores de humo. Estos trabajos buscan dignificar los espacios y hacerlos m\u00e1s seguros y funcionales para locatarios y visitantes.<\/p>\n\n\n\n<p>En materia de conectividad, Cecilia mencion\u00f3 que los 13 mercados p\u00fablicos ya cuentan con internet gratuito, beneficiando tanto a comerciantes como a quienes los visitan. Esta medida contribuye a reducir la brecha digital y facilita actividades educativas y comerciales.<\/p>\n\n\n\n<p>Recalc\u00f3 que el Ayuntamiento tambi\u00e9n ha impulsado alianzas estrat\u00e9gicas con organismos como UNICEF y Novo Nordisk. Gracias a ello, el \u00e1rea de comida de la nueva placita ser\u00e1 certificada como zona de comida saludable, adem\u00e1s de realizar mejoras en la rampa de acceso, murales. Asimismo, se contempla la rehabilitaci\u00f3n de dos azoteas, con una inversi\u00f3n de 4 millones de pesos.<\/p>\n\n\n\n<p>En materia de seguridad, Cecilia record\u00f3 que se instalaron botones de Alerta Segura en puntos estrat\u00e9gicos del mercado como el callej\u00f3n del Portal de Granos y el pasillo de carretilleros; adem\u00e1s se invierten m\u00e1s de 8 millones de pesos en la rehabilitaci\u00f3n del tercer piso del mercado San Benito, donde se ubicar\u00e1n \u00e1reas de convivencia, capacitaci\u00f3n y descanso de la Polic\u00eda Municipal.<\/p>\n\n\n\n<p>\u201cAqu\u00ed ganamos todas y todos: dejamos de pagar renta y garantizamos presencia permanente de polic\u00edas en una zona de alta afluencia\u201d, se\u00f1al\u00f3 la alcaldesa, destacando que la obra presenta un avance del 95 por ciento.<\/p>\n\n\n\n<p>En temas de reforestaci\u00f3n, la presidenta municipal dijo que en el parque Eulogio Rosado se sembraron 1 mil 200 plantas de ornato como bugambilias, astromelias, ruelias entre otras; se colocaron 300 metros cuadrados de c\u00e9sped y se plantaron 28 \u00e1rboles, tambi\u00e9n instal\u00f3 un sistema de riego autom\u00e1tico. Estas medidas buscan mitigar el calor y ofrecer espacios m\u00e1s agradables para la ciudadan\u00eda.<\/p>\n\n\n\n<p>Anunci\u00f3 que en pr\u00f3ximas fechas el Ayuntamiento iniciar\u00e1 los trabajos de reforestaci\u00f3n del pasaje del portal de granos, con el objetivo de convertirlo en un espacio de sombra para el disfrute de las y los meridanos y visitantes.<\/p>\n\n\n\n<p>Antes de concluir su intervenci\u00f3n la presidenta municipal reconoci\u00f3 la labor de las y los locatarios a quienes agradeci\u00f3 por sumarse a las acciones municipales para mantener en \u00f3ptimas condiciones los mercados municipales: \u201cMi respeto absoluto a quienes, desde la madrugada, trabajan aqu\u00ed, mi reconocimiento a toda la gente que trabaja en el mercado, por su entrega y por su compromiso con la ciudad\u201d, puntualiz\u00f3.<\/p>\n","protected":false},"excerpt":{"rendered":"<p>M\u00c9RIDA, Yucat\u00e1n.- Desde el coraz\u00f3n de la ciudad, en el mercado Lucas de G\u00e1lvez, la presidenta municipal Cecilia Patr\u00f3n Laviada destac\u00f3 la importancia de los mercados p\u00fablicos como espacios emblem\u00e1ticos<\/p>\n","protected":false},"author":2,"featured_media":137007,"comment_status":"open","ping_status":"open","sticky":false,"template":"","format":"standard","meta":{"jetpack_post_was_ever_published":false,"_jetpack_newsletter_access":"","_jetpack_dont_email_post_to_subs":false,"_jetpack_newsletter_tier_id":0,"_jetpack_memberships_contains_paywalled_content":false,"_jetpack_memberships_contains_paid_content":false,"footnotes":"","jetpack_publicize_message":"","jetpack_publicize_feature_enabled":true,"jetpack_social_post_already_shared":true,"jetpack_social_options":{"image_generator_settings":{"template":"highway","default_image_id":0,"font":"","enabled":false},"version":2}},"categories":[14],"tags":[],"class_list":["post-137005","post","type-post","status-publish","format-standard","has-post-thumbnail","hentry","category-merida"],"jetpack_publicize_connections":[],"jetpack_featured_media_url":"https:\/\/formalprision.com\/wp-content\/uploads\/2025\/12\/WhatsApp-Image-2025-12-15-at-5.28.08-PM.jpeg","jetpack_sharing_enabled":true,"jetpack_shortlink":"https:\/\/wp.me\/p6id8p-zDL","_links":{"self":[{"href":"https:\/\/formalprision.com\/index.php?rest_route=\/wp\/v2\/posts\/137005","targetHints":{"allow":["GET"]}}],"collection":[{"href":"https:\/\/formalprision.com\/index.php?rest_route=\/wp\/v2\/posts"}],"about":[{"href":"https:\/\/formalprision.com\/index.php?rest_route=\/wp\/v2\/types\/post"}],"author":[{"embeddable":true,"href":"https:\/\/formalprision.com\/index.php?rest_route=\/wp\/v2\/users\/2"}],"replies":[{"embeddable":true,"href":"https:\/\/formalprision.com\/index.php?rest_route=%2Fwp%2Fv2%2Fcomments&post=137005"}],"version-history":[{"count":1,"href":"https:\/\/formalprision.com\/index.php?rest_route=\/wp\/v2\/posts\/137005\/revisions"}],"predecessor-version":[{"id":137006,"href":"https:\/\/formalprision.com\/index.php?rest_route=\/wp\/v2\/posts\/137005\/revisions\/137006"}],"wp:featuredmedia":[{"embeddable":true,"href":"https:\/\/formalprision.com\/index.php?rest_route=\/wp\/v2\/media\/137007"}],"wp:attachment":[{"href":"https:\/\/formalprision.com\/index.php?rest_route=%2Fwp%2Fv2%2Fmedia&parent=137005"}],"wp:term":[{"taxonomy":"category","embeddable":true,"href":"https:\/\/formalprision.com\/index.php?rest_route=%2Fwp%2Fv2%2Fcategories&post=137005"},{"taxonomy":"post_tag","embeddable":true,"href":"https:\/\/formalprision.com\/index.php?rest_route=%2Fwp%2Fv2%2Ftags&post=137005"}],"curies":[{"name":"wp","href":"https:\/\/api.w.org\/{rel}","templated":true}]}}