{"id":137017,"date":"2025-12-16T09:14:12","date_gmt":"2025-12-16T14:14:12","guid":{"rendered":"https:\/\/formalprision.com\/?p=137017"},"modified":"2025-12-16T09:14:12","modified_gmt":"2025-12-16T14:14:12","slug":"despues-de-20-anos-sahcaba-y-xocchel-recuperan-una-carretera-segura","status":"publish","type":"post","link":"https:\/\/formalprision.com\/?p=137017","title":{"rendered":"Despu\u00e9s de 20 a\u00f1os, Sahcab\u00e1 y Xocchel recuperan una carretera segura\u00a0"},"content":{"rendered":"\n<p>Hocab\u00e1, Yucat\u00e1n, a 16 de diciembre de 2025-El gobernador Joaqu\u00edn D\u00edaz Mena entreg\u00f3 la reconstrucci\u00f3n de la carretera que conecta a Sahcab\u00e1, comisar\u00eda de Hocab\u00e1, con el municipio de Xocchel, obra&nbsp;con la que se atiende, mediante&nbsp;una inversi\u00f3n de m\u00e1s de 13 millones de pesos,&nbsp;una demanda de m\u00e1s de dos d\u00e9cadas: contar con&nbsp;una movilidad m\u00e1s \u00e1gil, segura y digna para los pobladores de estas comunidades y&nbsp;de&nbsp;la regi\u00f3n.<br>&nbsp;<br>Como parte del Plan Bienestar para Yucat\u00e1n, D\u00edaz Mena inaugur\u00f3 estos trabajos, que contemplaron la intervenci\u00f3n de m\u00e1s de&nbsp;cuatro mil&nbsp;metros de v\u00eda, tramo que se encontraba deteriorado y no hab\u00eda sido intervenido en dos d\u00e9cadas.<br>&nbsp;<br>\u201cDos d\u00e9cadas estuvieron esperando que este camino se atienda y hoy venimos a decirles: que su gobierno les escucha. En Yucat\u00e1n ni una comunidad peque\u00f1a es invisible\u201d, asever\u00f3 el gobernador, quien destac\u00f3 la importancia de la intervenci\u00f3n de esta carretera para la regi\u00f3n, ya que es una v\u00eda&nbsp;de flujo constante, al comunicar varias comunidades del centro del estado y&nbsp;conectar&nbsp;con la carretera federal&nbsp;hacia&nbsp;Valladolid; adem\u00e1s,&nbsp;se\u00f1al\u00f3, dentro del Plan Bienestar para Yucat\u00e1n, se busca brindar carreteras seguras y servicios m\u00e1s c\u00f3modos a los municipios y comisar\u00edas del estado. (Comunicado de Prensa)<br>&nbsp;<\/p>\n","protected":false},"excerpt":{"rendered":"<p>Hocab\u00e1, Yucat\u00e1n, a 16 de diciembre de 2025-El gobernador Joaqu\u00edn D\u00edaz Mena entreg\u00f3 la reconstrucci\u00f3n de la carretera que conecta a Sahcab\u00e1, comisar\u00eda de Hocab\u00e1, con el municipio de Xocchel,<\/p>\n","protected":false},"author":1,"featured_media":137018,"comment_status":"open","ping_status":"open","sticky":false,"template":"","format":"standard","meta":{"jetpack_post_was_ever_published":false,"_jetpack_newsletter_access":"","_jetpack_dont_email_post_to_subs":false,"_jetpack_newsletter_tier_id":0,"_jetpack_memberships_contains_paywalled_content":false,"_jetpack_memberships_contains_paid_content":false,"footnotes":"","jetpack_publicize_message":"","jetpack_publicize_feature_enabled":true,"jetpack_social_post_already_shared":true,"jetpack_social_options":{"image_generator_settings":{"template":"highway","default_image_id":0,"font":"","enabled":false},"version":2}},"categories":[54],"tags":[],"class_list":["post-137017","post","type-post","status-publish","format-standard","has-post-thumbnail","hentry","category-yucatan"],"jetpack_publicize_connections":[],"jetpack_featured_media_url":"https:\/\/formalprision.com\/wp-content\/uploads\/2025\/12\/IMG-20251216-WA0005.jpg","jetpack_sharing_enabled":true,"jetpack_shortlink":"https:\/\/wp.me\/p6id8p-zDX","_links":{"self":[{"href":"https:\/\/formalprision.com\/index.php?rest_route=\/wp\/v2\/posts\/137017","targetHints":{"allow":["GET"]}}],"collection":[{"href":"https:\/\/formalprision.com\/index.php?rest_route=\/wp\/v2\/posts"}],"about":[{"href":"https:\/\/formalprision.com\/index.php?rest_route=\/wp\/v2\/types\/post"}],"author":[{"embeddable":true,"href":"https:\/\/formalprision.com\/index.php?rest_route=\/wp\/v2\/users\/1"}],"replies":[{"embeddable":true,"href":"https:\/\/formalprision.com\/index.php?rest_route=%2Fwp%2Fv2%2Fcomments&post=137017"}],"version-history":[{"count":1,"href":"https:\/\/formalprision.com\/index.php?rest_route=\/wp\/v2\/posts\/137017\/revisions"}],"predecessor-version":[{"id":137019,"href":"https:\/\/formalprision.com\/index.php?rest_route=\/wp\/v2\/posts\/137017\/revisions\/137019"}],"wp:featuredmedia":[{"embeddable":true,"href":"https:\/\/formalprision.com\/index.php?rest_route=\/wp\/v2\/media\/137018"}],"wp:attachment":[{"href":"https:\/\/formalprision.com\/index.php?rest_route=%2Fwp%2Fv2%2Fmedia&parent=137017"}],"wp:term":[{"taxonomy":"category","embeddable":true,"href":"https:\/\/formalprision.com\/index.php?rest_route=%2Fwp%2Fv2%2Fcategories&post=137017"},{"taxonomy":"post_tag","embeddable":true,"href":"https:\/\/formalprision.com\/index.php?rest_route=%2Fwp%2Fv2%2Ftags&post=137017"}],"curies":[{"name":"wp","href":"https:\/\/api.w.org\/{rel}","templated":true}]}}