{"id":137026,"date":"2025-12-16T18:17:11","date_gmt":"2025-12-16T23:17:11","guid":{"rendered":"https:\/\/formalprision.com\/?p=137026"},"modified":"2025-12-16T18:17:11","modified_gmt":"2025-12-16T23:17:11","slug":"renacimiento-maya-entrega-aparatos-de-movilidad-para-garantizar-autonomia-e-inclusion","status":"publish","type":"post","link":"https:\/\/formalprision.com\/?p=137026","title":{"rendered":"Renacimiento Maya entrega aparatos de movilidad para garantizar autonom\u00eda e inclusi\u00f3n"},"content":{"rendered":"\n<p>M\u00e9rida, Yucat\u00e1n, a 16 de diciembre de 2025.-Con la entrega de 234 aparatos funcionales, pr\u00f3tesis y \u00f3rtesis, el Gobierno del Renacimiento Maya reafirma su compromiso con el bienestar, la inclusi\u00f3n y la dignidad de las personas en situaci\u00f3n de vulnerabilidad, fortaleciendo acciones que permiten mejorar su calidad de vida y promover su autonom\u00eda.<br>&nbsp;<br>Desde el patio central del Palacio de Gobierno, el gobernador Joaqu\u00edn D\u00edaz Mena, detall\u00f3 que entre los apoyos otorgados se encuentran sillas de ruedas, andaderas, bastones, muletas, sillas especiales, as\u00ed como pr\u00f3tesis y \u00f3rtesis, destinadas a personas que requieren estos instrumentos para desenvolverse con mayor independencia en su vida diaria.<br>&nbsp;<br>Destac\u00f3 que estas acciones son resultado del uso responsable y eficiente de los recursos p\u00fablicos, orientados a atender necesidades reales de la poblaci\u00f3n y a brindar soluciones que impacten de manera directa en el bienestar de las y los ciudadanos.<br>&nbsp;<br>Asimismo, adelant\u00f3 que en enero pr\u00f3ximo se entregar\u00e1n 40 motos adaptadas para contribuir a cambiar la vida de las personas en situaci\u00f3n de vulnerabilidad que necesitan de este tipo de veh\u00edculos para movilizarse o incluso trabajar o emprender.<\/p>\n","protected":false},"excerpt":{"rendered":"<p>M\u00e9rida, Yucat\u00e1n, a 16 de diciembre de 2025.-Con la entrega de 234 aparatos funcionales, pr\u00f3tesis y \u00f3rtesis, el Gobierno del Renacimiento Maya reafirma su compromiso con el bienestar, la inclusi\u00f3n<\/p>\n","protected":false},"author":1,"featured_media":137027,"comment_status":"open","ping_status":"open","sticky":false,"template":"","format":"standard","meta":{"jetpack_post_was_ever_published":false,"_jetpack_newsletter_access":"","_jetpack_dont_email_post_to_subs":false,"_jetpack_newsletter_tier_id":0,"_jetpack_memberships_contains_paywalled_content":false,"_jetpack_memberships_contains_paid_content":false,"footnotes":"","jetpack_publicize_message":"","jetpack_publicize_feature_enabled":true,"jetpack_social_post_already_shared":true,"jetpack_social_options":{"image_generator_settings":{"template":"highway","default_image_id":0,"font":"","enabled":false},"version":2}},"categories":[14],"tags":[],"class_list":["post-137026","post","type-post","status-publish","format-standard","has-post-thumbnail","hentry","category-merida"],"jetpack_publicize_connections":[],"jetpack_featured_media_url":"https:\/\/formalprision.com\/wp-content\/uploads\/2025\/12\/IMG-20251216-WA0081.jpg","jetpack_sharing_enabled":true,"jetpack_shortlink":"https:\/\/wp.me\/p6id8p-zE6","_links":{"self":[{"href":"https:\/\/formalprision.com\/index.php?rest_route=\/wp\/v2\/posts\/137026","targetHints":{"allow":["GET"]}}],"collection":[{"href":"https:\/\/formalprision.com\/index.php?rest_route=\/wp\/v2\/posts"}],"about":[{"href":"https:\/\/formalprision.com\/index.php?rest_route=\/wp\/v2\/types\/post"}],"author":[{"embeddable":true,"href":"https:\/\/formalprision.com\/index.php?rest_route=\/wp\/v2\/users\/1"}],"replies":[{"embeddable":true,"href":"https:\/\/formalprision.com\/index.php?rest_route=%2Fwp%2Fv2%2Fcomments&post=137026"}],"version-history":[{"count":1,"href":"https:\/\/formalprision.com\/index.php?rest_route=\/wp\/v2\/posts\/137026\/revisions"}],"predecessor-version":[{"id":137028,"href":"https:\/\/formalprision.com\/index.php?rest_route=\/wp\/v2\/posts\/137026\/revisions\/137028"}],"wp:featuredmedia":[{"embeddable":true,"href":"https:\/\/formalprision.com\/index.php?rest_route=\/wp\/v2\/media\/137027"}],"wp:attachment":[{"href":"https:\/\/formalprision.com\/index.php?rest_route=%2Fwp%2Fv2%2Fmedia&parent=137026"}],"wp:term":[{"taxonomy":"category","embeddable":true,"href":"https:\/\/formalprision.com\/index.php?rest_route=%2Fwp%2Fv2%2Fcategories&post=137026"},{"taxonomy":"post_tag","embeddable":true,"href":"https:\/\/formalprision.com\/index.php?rest_route=%2Fwp%2Fv2%2Ftags&post=137026"}],"curies":[{"name":"wp","href":"https:\/\/api.w.org\/{rel}","templated":true}]}}