{"id":137029,"date":"2025-12-16T19:12:55","date_gmt":"2025-12-17T00:12:55","guid":{"rendered":"https:\/\/formalprision.com\/?p=137029"},"modified":"2025-12-17T01:05:24","modified_gmt":"2025-12-17T06:05:24","slug":"merida-fortalece-su-liderazgo-turistico-con-dialogo-y-vision-compartida-cecilia-patron","status":"publish","type":"post","link":"https:\/\/formalprision.com\/?p=137029","title":{"rendered":"M\u00e9rida fortalece su liderazgo tur\u00edstico con di\u00e1logo y visi\u00f3n compartida: Cecilia Patr\u00f3n"},"content":{"rendered":"\n<p>M\u00c9RIDA, Yucat\u00e1n.- El turismo es un pilar fundamental para M\u00e9rida y para el estado, ya que 17 de cada 100 pesos que se generan provienen de esta actividad, afirm\u00f3 la presidenta municipal Cecilia Patr\u00f3n Laviada en un encuentro de trabajo con presidentes del sector tur\u00edstico, ante quienes present\u00f3 los logros de 2025 y las acciones estrat\u00e9gicas que marcar\u00e1n el rumbo del desarrollo de la ciudad en el 2026.<\/p>\n\n\n\n<p>\u201cEsta derrama impacta directamente en el crecimiento y desarrollo de la ciudad, que es el principal receptor de visitantes, y tiene un valor social clave porque sus beneficios se distribuyen entre muchos sectores: agencias de viajes, aeropuerto, hoteles, restaurantes, artesanos, taxistas y trabajadores de servicios. Por ello, el turismo no solo genera ingresos, sino tambi\u00e9n justicia social\u201d, asegur\u00f3.<\/p>\n\n\n\n<p>Ante representantes de c\u00e1maras empresariales, aerol\u00edneas, hoteles, agencias y organizadores de eventos, subray\u00f3 que 2025 ha sido un a\u00f1o clave para el desarrollo de M\u00e9rida, pues consolid\u00f3 su potencial como destino tur\u00edstico competitivo, atractivo y con calidad de vida gracias al trabajo en equipo entre el gobierno municipal y el sector empresarial.<\/p>\n\n\n\n<p>\u201cHoy la ciudad cuenta con mejores hoteles, restaurantes, banqueteras y agencias, y el Ayuntamiento mantiene el compromiso de seguir fortaleciendo esta industria, tanto en segmentos como el turismo de romance como en el turismo sustentable. La coordinaci\u00f3n y la profesionalizaci\u00f3n son ejes centrales de esta visi\u00f3n\u201d, apunt\u00f3.<\/p>\n\n\n\n<p>Junto a Armando Casares Espinosa, secretario t\u00e9cnico de la Unidad de Turismo, present\u00f3 los principales logros del a\u00f1o entre los que destac\u00f3 la realizaci\u00f3n de eventos que ya forman parte de la identidad meridana, como el M\u00e9rida Fest, el Carnaval, la Noche Blanca y el Festival de las \u00c1nimas con el Paseo de las \u00c1nimas, as\u00ed como la innovaci\u00f3n con el Primer Festival de Jazz M\u00e9rida y el programa decembrino \u201cM\u00e9rida Brilla\u201d.<\/p>\n\n\n\n<p>Estas actividades culturales, se\u00f1al\u00f3, no solo llenaron de vida las calles del centro hist\u00f3rico, sino tambi\u00e9n colonias y comisar\u00edas, generando una derrama econ\u00f3mica directa en beneficio de las familias meridanas y de los distintos sectores productivos vinculados al turismo.<\/p>\n\n\n\n<p>Agreg\u00f3 que un eje fundamental del 2025 fue el impulso al turismo comunitario, con proyectos que visibilizan a las comisar\u00edas y reconocen el talento de artesanas y artesanos locales. \u201cDecidimos hacer lo que nunca se hab\u00eda hecho antes, dar voz y luz a nuestras comunidades para construir una ciudad m\u00e1s equitativa\u201d, destac\u00f3.<\/p>\n\n\n\n<p>Asimismo reconoci\u00f3 que los avances logrados son resultado del trabajo coordinado entre gobierno, empresas, organizaciones e instituciones, as\u00ed como de la participaci\u00f3n ciudadana, que ha permitido escuchar, aprender y mejorar la ciudad con orden y justicia social.<\/p>\n\n\n\n<p>Como parte de estos esfuerzos, M\u00e9rida cuenta hoy con un Programa Municipal de Ordenamiento Territorial y Desarrollo Urbano, que establece una visi\u00f3n sustentable, inclusiva y centrada en el bienestar de quienes habitan la ciudad, sentando bases s\u00f3lidas para su crecimiento futuro.<\/p>\n\n\n\n<p>De cara al 2026, la presidenta municipal mencion\u00f3 que M\u00e9rida tiene un futuro claramente ligado al turismo, impulsado por la apuesta de las y los meridanos y por la creciente profesionalizaci\u00f3n del sector.<\/p>\n\n\n\n<p>\u201cAdem\u00e1s de las temporadas vacacionales tradicionales, la ciudad busca consolidar eventos que atraigan visitantes en otras \u00e9pocas del a\u00f1o. El Festival de las \u00c1nimas se perfila como una gran oportunidad, ya que ha mostrado un crecimiento notable en asistencia, especialmente de turistas extranjeros\u201d, apunt\u00f3.<\/p>\n\n\n\n<p>\u201cLa meta es posicionar a M\u00e9rida como el destino nacional de referencia para el D\u00eda de Muertos, logrando que toda la ciudad viva y refleje esta celebraci\u00f3n en hoteles, restaurantes y espacios p\u00fablicos\u201d.<\/p>\n\n\n\n<p>Argument\u00f3 que M\u00e9rida se mantiene como referente nacional en seguridad, competitividad y confianza para la inversi\u00f3n. Mencion\u00f3 que actualmente, la ciudad cuenta con 21 nuevos proyectos de inversi\u00f3n que superan los 13 mil millones de pesos, impulsando la generaci\u00f3n de empleos y la prosperidad compartida.<\/p>\n\n\n\n<p>En ese contexto, agradeci\u00f3 la colaboraci\u00f3n del sector tur\u00edstico y empresarial, e hizo un llamado a seguir construyendo juntos el futuro de la ciudad.<\/p>\n\n\n\n<p>\u201cAprovechar la infraestructura existente y trabajar de la mano con el sector tur\u00edstico permitir\u00e1 que estos proyectos sigan generando mayor impacto econ\u00f3mico, cultural y social para M\u00e9rida. Vamos por un 2026 donde M\u00e9rida siga siendo esa ciudad chula, orgullosa de su identidad, que se disfruta y cuida lo m\u00e1s valioso que tiene: su gente\u201d, concluy\u00f3.<\/p>\n\n\n\n<p>Adem\u00e1s, Gonzalo Navarrete Castilla, director de City Data Mx, present\u00f3 el reporte del primer trimestre de las encuestas de \u201cEl perfil del pasajero\u201d realizadas en el Aeropuerto Internacional de la Ciudad de M\u00e9rida, plan para contar con informaci\u00f3n que permita al sector establecer mejores estrategias.<\/p>\n\n\n\n<p>Acompa\u00f1\u00f3 a la alcaldesa Flora Zapata Mendiolea, coordinadora general de Justicia Social y Bienestar Humano, y entre los invitados estuvieron Claudia Gonz\u00e1lez G\u00f3ngora, presidenta del Consejo Coordinador Empresarial (CCE) y CANIRAC Delegaci\u00f3n Yucat\u00e1n; Jos\u00e9 Enrique Molina Casares, presidente de la C\u00e1mara Nacional de Comercio, Servicios y Turismo de M\u00e9rida; Jorge Eduardo Carrillo S\u00e1enz, presidente del Consejo Empresarial Tur\u00edstico de Yucat\u00e1n, y Juan Jos\u00e9 Mart\u00edn Pacheco, presidente de la Asociaci\u00f3n Mexicana de Hoteles en Yucat\u00e1n.<\/p>\n","protected":false},"excerpt":{"rendered":"<p>M\u00c9RIDA, Yucat\u00e1n.- El turismo es un pilar fundamental para M\u00e9rida y para el estado, ya que 17 de cada 100 pesos que se generan provienen de esta actividad, afirm\u00f3 la<\/p>\n","protected":false},"author":2,"featured_media":137031,"comment_status":"open","ping_status":"open","sticky":false,"template":"","format":"standard","meta":{"jetpack_post_was_ever_published":false,"_jetpack_newsletter_access":"","_jetpack_dont_email_post_to_subs":false,"_jetpack_newsletter_tier_id":0,"_jetpack_memberships_contains_paywalled_content":false,"_jetpack_memberships_contains_paid_content":false,"footnotes":"","jetpack_publicize_message":"","jetpack_publicize_feature_enabled":true,"jetpack_social_post_already_shared":true,"jetpack_social_options":{"image_generator_settings":{"template":"highway","default_image_id":0,"font":"","enabled":false},"version":2}},"categories":[54],"tags":[],"class_list":["post-137029","post","type-post","status-publish","format-standard","has-post-thumbnail","hentry","category-yucatan"],"jetpack_publicize_connections":[],"jetpack_featured_media_url":"https:\/\/formalprision.com\/wp-content\/uploads\/2025\/12\/WhatsApp-Image-2025-12-16-at-5.10.40-PM.jpeg","jetpack_sharing_enabled":true,"jetpack_shortlink":"https:\/\/wp.me\/p6id8p-zE9","_links":{"self":[{"href":"https:\/\/formalprision.com\/index.php?rest_route=\/wp\/v2\/posts\/137029","targetHints":{"allow":["GET"]}}],"collection":[{"href":"https:\/\/formalprision.com\/index.php?rest_route=\/wp\/v2\/posts"}],"about":[{"href":"https:\/\/formalprision.com\/index.php?rest_route=\/wp\/v2\/types\/post"}],"author":[{"embeddable":true,"href":"https:\/\/formalprision.com\/index.php?rest_route=\/wp\/v2\/users\/2"}],"replies":[{"embeddable":true,"href":"https:\/\/formalprision.com\/index.php?rest_route=%2Fwp%2Fv2%2Fcomments&post=137029"}],"version-history":[{"count":1,"href":"https:\/\/formalprision.com\/index.php?rest_route=\/wp\/v2\/posts\/137029\/revisions"}],"predecessor-version":[{"id":137030,"href":"https:\/\/formalprision.com\/index.php?rest_route=\/wp\/v2\/posts\/137029\/revisions\/137030"}],"wp:featuredmedia":[{"embeddable":true,"href":"https:\/\/formalprision.com\/index.php?rest_route=\/wp\/v2\/media\/137031"}],"wp:attachment":[{"href":"https:\/\/formalprision.com\/index.php?rest_route=%2Fwp%2Fv2%2Fmedia&parent=137029"}],"wp:term":[{"taxonomy":"category","embeddable":true,"href":"https:\/\/formalprision.com\/index.php?rest_route=%2Fwp%2Fv2%2Fcategories&post=137029"},{"taxonomy":"post_tag","embeddable":true,"href":"https:\/\/formalprision.com\/index.php?rest_route=%2Fwp%2Fv2%2Ftags&post=137029"}],"curies":[{"name":"wp","href":"https:\/\/api.w.org\/{rel}","templated":true}]}}