{"id":137038,"date":"2025-12-17T01:04:44","date_gmt":"2025-12-17T06:04:44","guid":{"rendered":"https:\/\/formalprision.com\/?p=137038"},"modified":"2025-12-18T08:22:54","modified_gmt":"2025-12-18T13:22:54","slug":"el-croqueton-del-peggo-convoca-a-sumarse-a-una-causa-en-favor-de-perros-en-situacion-de-vulnerabilidad","status":"publish","type":"post","link":"https:\/\/formalprision.com\/?p=137038","title":{"rendered":"El Croquet\u00f3n del Peggo convoca a sumarse a una causa en favor de perros en situaci\u00f3n de vulnerabilidad"},"content":{"rendered":"\n<p>M\u00e9rida, 16 de Diciembre 2025.\u2013 Con el objetivo de apoyar a refugios y rescatistas independientes, se llevar\u00e1 a cabo el Croquet\u00f3n del Peggo, un evento con causa que busca recolectar croquetas, donativos y suministros esenciales para perros en situaci\u00f3n de abandono y vulnerabilidad.<\/p>\n\n\n\n<p>El Croquet\u00f3n del Peggo es una iniciativa que re\u00fane a familias, amantes de los animales, marcas aliadas y asociaciones civiles, creando un espacio de convivencia solidaria donde cada donativo representa una oportunidad para mejorar la calidad de vida de cientos de peluditos que esperan una segunda oportunidad.<\/p>\n\n\n\n<p>Durante el evento, los asistentes podr\u00e1n participar llevando croquetas, donativos en especie o apoyos econ\u00f3micos, los cuales ser\u00e1n entregados directamente a refugios y rescatistas beneficiados. Adem\u00e1s, el evento contar\u00e1 con la participaci\u00f3n de marcas aliadas, din\u00e1micas familiares y actividades dise\u00f1adas para fomentar la empat\u00eda y la responsabilidad social hacia los animales.<\/p>\n\n\n\n<p>\u201cCreemos firmemente que cuando la comunidad se une, el impacto se multiplica. El Croquet\u00f3n del Peggo no solo es una colecta, es un llamado a la conciencia y al amor por quienes no tienen voz\u201d, se\u00f1alaron los organizadores.<\/p>\n\n\n\n<p>El Croquet\u00f3n del Peggo invita a la ciudadan\u00eda, empresas y medios de comunicaci\u00f3n a sumarse y difundir esta causa, demostrando que peque\u00f1as acciones pueden generar grandes cambios.<\/p>\n\n\n\n<p>Para m\u00e1s informaci\u00f3n sobre el evento, horarios y formas de participaci\u00f3n, se puede consultar a trav\u00e9s de las redes sociales oficiales del Croquet\u00f3n del Peggo.<\/p>\n\n\n\n<p>Contacto:<\/p>\n\n\n\n<p>Nombre del contacto: Naomy Torres Quijano<br>Correo electr\u00f3nico: naomy212@gmail.com<br>Tel\u00e9fono: 9995621842<br>Redes sociales: La tiendita del peggo<\/p>\n","protected":false},"excerpt":{"rendered":"<p>M\u00e9rida, 16 de Diciembre 2025.\u2013 Con el objetivo de apoyar a refugios y rescatistas independientes, se llevar\u00e1 a cabo el Croquet\u00f3n del Peggo, un evento con causa que busca recolectar<\/p>\n","protected":false},"author":1,"featured_media":137039,"comment_status":"open","ping_status":"open","sticky":false,"template":"","format":"standard","meta":{"jetpack_post_was_ever_published":false,"_jetpack_newsletter_access":"","_jetpack_dont_email_post_to_subs":false,"_jetpack_newsletter_tier_id":0,"_jetpack_memberships_contains_paywalled_content":false,"_jetpack_memberships_contains_paid_content":false,"footnotes":"","jetpack_publicize_message":"","jetpack_publicize_feature_enabled":true,"jetpack_social_post_already_shared":true,"jetpack_social_options":{"image_generator_settings":{"template":"highway","default_image_id":0,"font":"","enabled":false},"version":2}},"categories":[14],"tags":[],"class_list":["post-137038","post","type-post","status-publish","format-standard","has-post-thumbnail","hentry","category-merida"],"jetpack_publicize_connections":[],"jetpack_featured_media_url":"https:\/\/formalprision.com\/wp-content\/uploads\/2025\/12\/FB_IMG_1765951341615.jpg","jetpack_sharing_enabled":true,"jetpack_shortlink":"https:\/\/wp.me\/p6id8p-zEi","_links":{"self":[{"href":"https:\/\/formalprision.com\/index.php?rest_route=\/wp\/v2\/posts\/137038","targetHints":{"allow":["GET"]}}],"collection":[{"href":"https:\/\/formalprision.com\/index.php?rest_route=\/wp\/v2\/posts"}],"about":[{"href":"https:\/\/formalprision.com\/index.php?rest_route=\/wp\/v2\/types\/post"}],"author":[{"embeddable":true,"href":"https:\/\/formalprision.com\/index.php?rest_route=\/wp\/v2\/users\/1"}],"replies":[{"embeddable":true,"href":"https:\/\/formalprision.com\/index.php?rest_route=%2Fwp%2Fv2%2Fcomments&post=137038"}],"version-history":[{"count":1,"href":"https:\/\/formalprision.com\/index.php?rest_route=\/wp\/v2\/posts\/137038\/revisions"}],"predecessor-version":[{"id":137040,"href":"https:\/\/formalprision.com\/index.php?rest_route=\/wp\/v2\/posts\/137038\/revisions\/137040"}],"wp:featuredmedia":[{"embeddable":true,"href":"https:\/\/formalprision.com\/index.php?rest_route=\/wp\/v2\/media\/137039"}],"wp:attachment":[{"href":"https:\/\/formalprision.com\/index.php?rest_route=%2Fwp%2Fv2%2Fmedia&parent=137038"}],"wp:term":[{"taxonomy":"category","embeddable":true,"href":"https:\/\/formalprision.com\/index.php?rest_route=%2Fwp%2Fv2%2Fcategories&post=137038"},{"taxonomy":"post_tag","embeddable":true,"href":"https:\/\/formalprision.com\/index.php?rest_route=%2Fwp%2Fv2%2Ftags&post=137038"}],"curies":[{"name":"wp","href":"https:\/\/api.w.org\/{rel}","templated":true}]}}