{"id":137054,"date":"2025-12-17T21:01:03","date_gmt":"2025-12-18T02:01:03","guid":{"rendered":"https:\/\/formalprision.com\/?p=137054"},"modified":"2025-12-18T22:38:29","modified_gmt":"2025-12-19T03:38:29","slug":"merida-brilla-uniendo-corazones-en-navidad-caravana-y-posada-comunitaria-con-guardaparques","status":"publish","type":"post","link":"https:\/\/formalprision.com\/?p=137054","title":{"rendered":"M\u00e9rida Brilla uniendo corazones en Navidad: Caravana y posada comunitaria con Guardaparques"},"content":{"rendered":"\n<p>M\u00c9RIDA, Yucat\u00e1n.- La magia de la Navidad se hizo presente en la colonia Miraflores donde cientos de familias disfrutaron de la caravana y el festival navide\u00f1o encabezados por la presidenta municipal Cecilia Patr\u00f3n Laviada, acompa\u00f1ada por elementos del programa de Guardaparques llevando alegr\u00eda, cercan\u00eda y un mensaje de uni\u00f3n comunitaria.<\/p>\n\n\n\n<p>La Caravana Navide\u00f1a ilumin\u00f3 las calles de la colonia Miraflores y los corazones de vecinas y vecinos, quienes compartieron momentos de convivencia y alegr\u00eda.&nbsp;<\/p>\n\n\n\n<p>Este gesto, se\u00f1al\u00f3 la alcaldesa, es una muestra de cari\u00f1o que fortalece los lazos entre la comunidad y recuerda la importancia de celebrar juntos estas fechas tan significativas.<\/p>\n\n\n\n<p>\u201cMomentos como este nos recuerdan que somos una gran comunidad unida, que se cuida entre s\u00ed, y que gracias a este ejercicio continuamos siendo una ciudad armoniosa y confiable\u201d, expres\u00f3 la edil.<\/p>\n\n\n\n<p>Ni\u00f1as, ni\u00f1os, adolescentes y adultos disfrutaron al m\u00e1ximo de una tarde llena de juegos y sorpresas con el paso de la caravana navide\u00f1a que recorri\u00f3 varias calles de la colonia Miraflores y con el show navide\u00f1o que se present\u00f3 posteriormente haciendo de esta celebraci\u00f3n algo especial.<\/p>\n\n\n\n<p>Como parte de las celebraciones decembrinas, la presidenta municipal Cecilia Patr\u00f3n destac\u00f3 la importancia de incluir a mujeres y hombres que d\u00eda a d\u00eda cuidan los espacios p\u00fablicos y a las familias meridanas.<\/p>\n\n\n\n<p>\u201cEn el marco de esta Navidad, reconocemos a quienes trabajan con firme compromiso por la seguridad y el bienestar de nuestra ciudad\u201d, expres\u00f3, subrayando el valor de su labor cotidiana.<\/p>\n\n\n\n<p>Acompa\u00f1ada por el comisario Rafael Chaires Cuevas, director de la Polic\u00eda Municipal, Cecilia Patr\u00f3n asisti\u00f3 a la posada comunitaria que se realiz\u00f3 en el parque de la colonia Miraflores donde enfatiz\u00f3 que encuentros como este reflejan el esp\u00edritu solidario de M\u00e9rida, destacando que las y los ciudadanos se cuidan entre s\u00ed y construyen armon\u00eda a partir de la participaci\u00f3n ciudadana.&nbsp;<\/p>\n\n\n\n<p>\u201cA la ciudad la hace su gente, y nuestra prioridad es siempre cuidar de ustedes\u201d, afirm\u00f3, resaltando que la presencia de los Guardaparques fortalece la seguridad y la cohesi\u00f3n social.<\/p>\n\n\n\n<p>Mencion\u00f3 que, gracias al trabajo de este equipo perteneciente a la direcci\u00f3n de la Polic\u00eda Municipal de M\u00e9rida, las familias meridanas pueden disfrutar de m\u00e1s parques y \u00e1reas verdes limpias, ordenadas y seguras.<\/p>\n\n\n\n<p>En ese contexto tambi\u00e9n invit\u00f3 a la ciudadan\u00eda a confiar en la labor de los Guardaparques y a sumarse al cuidado de los espacios p\u00fablicos, recordando que mantener el orden y la limpieza es una tarea compartida.<\/p>\n\n\n\n<p>\u201cCuidemos nuestros parques, jardines, y \u00e1reas verdes que es tarea de todas y todos. Ayudemos a mantener el orden y la limpieza de nuestra querida y chula ciudad\u201d, apunt\u00f3.<\/p>\n\n\n\n<p>Las familias disfrutaron de un show navide\u00f1o, regalos, juegos y muchas sorpresas que se ofrecieron durante la feria de actividades.<\/p>\n\n\n\n<p>Finalmente, la presidenta municipal convoc\u00f3 a celebrar este 2025 con inclusi\u00f3n, orden y en un ambiente de paz, ejerciendo el derecho a la ciudad en compa\u00f1\u00eda de seres queridos y vecinos.&nbsp;<\/p>\n\n\n\n<p>\u201cSigamos siendo una M\u00e9rida fuerte, colaborativa y participativa que cuida y ama la ciudad donde vive\u201d, concluy\u00f3.<\/p>\n","protected":false},"excerpt":{"rendered":"<p>M\u00c9RIDA, Yucat\u00e1n.- La magia de la Navidad se hizo presente en la colonia Miraflores donde cientos de familias disfrutaron de la caravana y el festival navide\u00f1o encabezados por la presidenta<\/p>\n","protected":false},"author":2,"featured_media":137056,"comment_status":"open","ping_status":"open","sticky":false,"template":"","format":"standard","meta":{"jetpack_post_was_ever_published":false,"_jetpack_newsletter_access":"","_jetpack_dont_email_post_to_subs":false,"_jetpack_newsletter_tier_id":0,"_jetpack_memberships_contains_paywalled_content":false,"_jetpack_memberships_contains_paid_content":false,"footnotes":"","jetpack_publicize_message":"","jetpack_publicize_feature_enabled":true,"jetpack_social_post_already_shared":true,"jetpack_social_options":{"image_generator_settings":{"template":"highway","default_image_id":0,"font":"","enabled":false},"version":2}},"categories":[14],"tags":[],"class_list":["post-137054","post","type-post","status-publish","format-standard","has-post-thumbnail","hentry","category-merida"],"jetpack_publicize_connections":[],"jetpack_featured_media_url":"https:\/\/formalprision.com\/wp-content\/uploads\/2025\/12\/WhatsApp-Image-2025-12-17-at-7.35.02-PM.jpeg","jetpack_sharing_enabled":true,"jetpack_shortlink":"https:\/\/wp.me\/p6id8p-zEy","_links":{"self":[{"href":"https:\/\/formalprision.com\/index.php?rest_route=\/wp\/v2\/posts\/137054","targetHints":{"allow":["GET"]}}],"collection":[{"href":"https:\/\/formalprision.com\/index.php?rest_route=\/wp\/v2\/posts"}],"about":[{"href":"https:\/\/formalprision.com\/index.php?rest_route=\/wp\/v2\/types\/post"}],"author":[{"embeddable":true,"href":"https:\/\/formalprision.com\/index.php?rest_route=\/wp\/v2\/users\/2"}],"replies":[{"embeddable":true,"href":"https:\/\/formalprision.com\/index.php?rest_route=%2Fwp%2Fv2%2Fcomments&post=137054"}],"version-history":[{"count":1,"href":"https:\/\/formalprision.com\/index.php?rest_route=\/wp\/v2\/posts\/137054\/revisions"}],"predecessor-version":[{"id":137055,"href":"https:\/\/formalprision.com\/index.php?rest_route=\/wp\/v2\/posts\/137054\/revisions\/137055"}],"wp:featuredmedia":[{"embeddable":true,"href":"https:\/\/formalprision.com\/index.php?rest_route=\/wp\/v2\/media\/137056"}],"wp:attachment":[{"href":"https:\/\/formalprision.com\/index.php?rest_route=%2Fwp%2Fv2%2Fmedia&parent=137054"}],"wp:term":[{"taxonomy":"category","embeddable":true,"href":"https:\/\/formalprision.com\/index.php?rest_route=%2Fwp%2Fv2%2Fcategories&post=137054"},{"taxonomy":"post_tag","embeddable":true,"href":"https:\/\/formalprision.com\/index.php?rest_route=%2Fwp%2Fv2%2Ftags&post=137054"}],"curies":[{"name":"wp","href":"https:\/\/api.w.org\/{rel}","templated":true}]}}