{"id":137075,"date":"2025-12-18T19:36:35","date_gmt":"2025-12-19T00:36:35","guid":{"rendered":"https:\/\/formalprision.com\/?p=137075"},"modified":"2025-12-19T19:32:48","modified_gmt":"2025-12-20T00:32:48","slug":"merida-brilla-con-paz-social-durante-la-temporada-navidena-asegura-cecilia-patron","status":"publish","type":"post","link":"https:\/\/formalprision.com\/?p=137075","title":{"rendered":"Cecilia Patr\u00f3n invita a seguir disfrutando en familia espacios navide\u00f1os del Ayuntamiento"},"content":{"rendered":"\n<p>M\u00c9RIDA, Yucat\u00e1n.- \u201cEsta temporada navide\u00f1a lo m\u00e1s importante es conservar y reforzar la paz social que caracteriza a nuestra ciudad, por ello cada actividad de M\u00e9rida Brilla est\u00e1 pensada para la convivencia de las familias, para que hagan suyos los espacios p\u00fablicos y generen recuerdos inolvidables\u201d, afirm\u00f3 la presidenta municipal Cecilia Patr\u00f3n Laviada.<\/p>\n\n\n\n<p>La mun\u00edcipe indic\u00f3 que M\u00e9rida seguir\u00e1 brillando con paz social durante lo que resta de esta temporada navide\u00f1a, recordando la amplia cartelera que tiene el Ayuntamiento para las y los meridanos.<\/p>\n\n\n\n<p>El festival M\u00e9rida Brilla contin\u00faa hasta el pr\u00f3ximo 7 de enero y el programa se puede consultar en la p\u00e1gina merida.gob.mx\/meridabrilla<\/p>\n\n\n\n<p>Ciudadan\u00eda y visitantes podr\u00e1n disfrutar el Centro Hist\u00f3rico con figuras y decoraciones con luces en la Plaza Grande, y hacer un recorrido familiar en Paseo de Montejo culminando en el Remate en el tradicional \u00e1rbol navide\u00f1o monumental.<\/p>\n\n\n\n<p>A este \u00e1rbol de Navidad se suman ocho m\u00e1s distribuidos en cada punto cardinal de la ciudad ubicados en el parque La Arboleda en San Antonio Xluch en el sur, en el parque La Visita en Juan Pablo al poniente, y en el Parque Recreativo de Oriente del Fraccionamiento del Parque en el oriente, as\u00ed como en el Parque de Cordemex al norte.<\/p>\n\n\n\n<p>Tambi\u00e9n est\u00e1n los \u00e1rboles del Parque de Las Am\u00e9ricas, el de San Crist\u00f3bal, La Placita del Mercado Lucas de G\u00e1lvez y el de la Colonia M\u00e9xico.<\/p>\n\n\n\n<p>Con Navidad Extrema, a cargo de la Direcci\u00f3n de Bienestar Humano, los asistentes disfrutar\u00e1n durante tres d\u00edas de adrenalina, espect\u00e1culos y diversi\u00f3n en el parque de Deportes Extremos a partir del 19 al 21 de diciembre desde las 4:30 p.m.<\/p>\n\n\n\n<p>Y para convivir en una velada llena de magia y m\u00fasica en el Parque de la Paz estar\u00e1 hasta el d\u00eda 23 de diciembre el Video Mapping con villancicos en la fachada de La ex Peni, para el disfrute de chicos y grandes.<\/p>\n\n\n\n<p>La pista de hielo con tobog\u00e1n se puede visitar hasta el 7 de enero de lunes a viernes de 4:00 p.m. a 9:00 p.m.; s\u00e1bados de 11:00 a.m. a 3:00 p.m. y de 4:00 p.m. a 9:00 p.m.; y domingos de 9:00 a.m. a 3:00 p.m. y de 4:00 p.m. a 9:00 p.m.<\/p>\n\n\n\n<p>Tambi\u00e9n habr\u00e1 acceso a grupos de escuelas y asociaciones civiles de lunes a viernes de 9:00 a.m. a 3:00 pm, con previa solicitud en la ventanilla de Desarrollo Social y Combate a la Pobreza (C. 65 No. 368 x 40 y 42, col. Centro).<\/p>\n\n\n\n<p>Es importante recordar que los d\u00edas 24 y 31 de diciembre abrir\u00e1 de 9:00 a.m. a 12:00 p.m., mientras que los d\u00edas 25 de diciembre y 1 de enero permanecer\u00e1 cerrada.<\/p>\n\n\n\n<p>Cecilia Patr\u00f3n record\u00f3 que otras de las actividades que se ofrecieron como parte del fomento de la cohesi\u00f3n social, son los Senderos de Magia y Luz en el Parque Ecol\u00f3gico del Poniente, la Bici Ruta navide\u00f1a, as\u00ed como festivales en la Emiliano Zapata Sur II, el Porvenir y diversos Centros Aprende.<\/p>\n\n\n\n<p>Asimismo las caravanas navide\u00f1as en diferentes colonias, y que culminar\u00e1 con la organizada por la Polic\u00eda Municipal en las comisar\u00edas del sur en Santa Cruz Palomeque, Dzununc\u00e1n y Xmatkuil este fin de semana.<\/p>\n\n\n\n<p>Las glorietas de M\u00e9rida, y dem\u00e1s espacios p\u00fablicos forman parte del gran esfuerzo realizado por la Direcci\u00f3n de Servicios P\u00fablicos del Ayuntamiento, al crear entornos de identidad comunitaria seguras, \u00fanicas y llenas de luz para que cada familia meridana viva la navidad unidos y en armon\u00eda.<\/p>\n","protected":false},"excerpt":{"rendered":"<p>M\u00c9RIDA, Yucat\u00e1n.- \u201cEsta temporada navide\u00f1a lo m\u00e1s importante es conservar y reforzar la paz social que caracteriza a nuestra ciudad, por ello cada actividad de M\u00e9rida Brilla est\u00e1 pensada para<\/p>\n","protected":false},"author":2,"featured_media":137077,"comment_status":"open","ping_status":"open","sticky":false,"template":"","format":"standard","meta":{"jetpack_post_was_ever_published":false,"_jetpack_newsletter_access":"","_jetpack_dont_email_post_to_subs":false,"_jetpack_newsletter_tier_id":0,"_jetpack_memberships_contains_paywalled_content":false,"_jetpack_memberships_contains_paid_content":false,"footnotes":"","jetpack_publicize_message":"","jetpack_publicize_feature_enabled":true,"jetpack_social_post_already_shared":true,"jetpack_social_options":{"image_generator_settings":{"template":"highway","default_image_id":0,"font":"","enabled":false},"version":2}},"categories":[14],"tags":[],"class_list":["post-137075","post","type-post","status-publish","format-standard","has-post-thumbnail","hentry","category-merida"],"jetpack_publicize_connections":[],"jetpack_featured_media_url":"https:\/\/formalprision.com\/wp-content\/uploads\/2025\/12\/WhatsApp-Image-2025-12-18-at-6.27.50-PM.jpeg","jetpack_sharing_enabled":true,"jetpack_shortlink":"https:\/\/wp.me\/p6id8p-zET","_links":{"self":[{"href":"https:\/\/formalprision.com\/index.php?rest_route=\/wp\/v2\/posts\/137075","targetHints":{"allow":["GET"]}}],"collection":[{"href":"https:\/\/formalprision.com\/index.php?rest_route=\/wp\/v2\/posts"}],"about":[{"href":"https:\/\/formalprision.com\/index.php?rest_route=\/wp\/v2\/types\/post"}],"author":[{"embeddable":true,"href":"https:\/\/formalprision.com\/index.php?rest_route=\/wp\/v2\/users\/2"}],"replies":[{"embeddable":true,"href":"https:\/\/formalprision.com\/index.php?rest_route=%2Fwp%2Fv2%2Fcomments&post=137075"}],"version-history":[{"count":2,"href":"https:\/\/formalprision.com\/index.php?rest_route=\/wp\/v2\/posts\/137075\/revisions"}],"predecessor-version":[{"id":137081,"href":"https:\/\/formalprision.com\/index.php?rest_route=\/wp\/v2\/posts\/137075\/revisions\/137081"}],"wp:featuredmedia":[{"embeddable":true,"href":"https:\/\/formalprision.com\/index.php?rest_route=\/wp\/v2\/media\/137077"}],"wp:attachment":[{"href":"https:\/\/formalprision.com\/index.php?rest_route=%2Fwp%2Fv2%2Fmedia&parent=137075"}],"wp:term":[{"taxonomy":"category","embeddable":true,"href":"https:\/\/formalprision.com\/index.php?rest_route=%2Fwp%2Fv2%2Fcategories&post=137075"},{"taxonomy":"post_tag","embeddable":true,"href":"https:\/\/formalprision.com\/index.php?rest_route=%2Fwp%2Fv2%2Ftags&post=137075"}],"curies":[{"name":"wp","href":"https:\/\/api.w.org\/{rel}","templated":true}]}}