{"id":137083,"date":"2025-12-19T09:43:35","date_gmt":"2025-12-19T14:43:35","guid":{"rendered":"https:\/\/formalprision.com\/?p=137083"},"modified":"2025-12-20T01:35:57","modified_gmt":"2025-12-20T06:35:57","slug":"chris-evans-regresa-como-capitan-america-a-avengers-doomsday-de-marvel","status":"publish","type":"post","link":"https:\/\/formalprision.com\/?p=137083","title":{"rendered":"Chris Evans regresa como Capit\u00e1n Am\u00e9rica a \u2018Avengers: Doomsday\u2019 de Marvel"},"content":{"rendered":"\n<p>Chris Evans retomar\u00e1 su papel de Steve Rogers (Capit\u00e1n Am\u00e9rica) en la pr\u00f3xima pel\u00edcula de Marvel, \u2018Avengers: Doomsday\u2019, que se estrenar\u00e1 el 18 de diciembre de 2026.<\/p>\n\n\n\n<p>El primer tr\u00e1iler de la pel\u00edcula, estrenado en las proyecciones en cine de la pel\u00edcula de \u2018Avatar: Fire &amp; Ash\u2018 de acuerdo con Variety, tambi\u00e9n muestra a Rogers en su casa como padre de un beb\u00e9 reci\u00e9n nacido, observando su traje de Capit\u00e1n Am\u00e9rica con nostalgia.<\/p>\n\n\n\n<p>\u201cSteve Rogers regresar\u00e1 para \u2018Vengadores: Doomsday&#8217;\u201d, anuncia el video que tambi\u00e9n ha sido filtrado en internet.<\/p>\n\n\n\n<p>La \u00faltima vez que Rogers tuvo una aparici\u00f3n en el cine fue al final de \u2018Avengers: Endgame\u2018 de 2019, precisamente el filme en el que muri\u00f3 Iron Man.<\/p>\n\n\n\n<p>En la pel\u00edcula, el personaje de Evans cede su escudo rojo y blanco a su compa\u00f1ero Sam Wilson (Anthony Mackie), convirti\u00e9ndolo de Falcon en el nuevo Capit\u00e1n Am\u00e9rica.<\/p>\n\n\n\n<p>Mackie protagoniz\u00f3 este 2025 la pel\u00edcula \u2018Captain America: Brave New World\u2019, en la que asumi\u00f3 por primera vez el papel de dicho vengador junto a Danny Ram\u00edrez en el rol de Joaqu\u00edn Torres.<\/p>\n\n\n\n<p>El regreso de Evans como uno de los Vengadores se suma al regreso de Robert Downey Jr., conocido por interpretar a Iron Man en el universo de Marvel, pero esta vez no como Tony Stark sino como Doctor Doom.<\/p>\n\n\n\n<p>En marzo, Marvel anunci\u00f3 el elenco de la pel\u00edcula en una transmisi\u00f3n en vivo de varias horas, en la que incluy\u00f3 nombres como Chris Hemsworth, Paul Rudd y el mexicano Tenoch Huerta, pero no apareci\u00f3 el de Evans en ese primer listado de confirmados.<\/p>\n","protected":false},"excerpt":{"rendered":"<p>Chris Evans retomar\u00e1 su papel de Steve Rogers (Capit\u00e1n Am\u00e9rica) en la pr\u00f3xima pel\u00edcula de Marvel, \u2018Avengers: Doomsday\u2019, que se estrenar\u00e1 el 18 de diciembre de 2026. El primer tr\u00e1iler<\/p>\n","protected":false},"author":2,"featured_media":137085,"comment_status":"open","ping_status":"open","sticky":false,"template":"","format":"standard","meta":{"jetpack_post_was_ever_published":false,"_jetpack_newsletter_access":"","_jetpack_dont_email_post_to_subs":false,"_jetpack_newsletter_tier_id":0,"_jetpack_memberships_contains_paywalled_content":false,"_jetpack_memberships_contains_paid_content":false,"footnotes":"","jetpack_publicize_message":"","jetpack_publicize_feature_enabled":true,"jetpack_social_post_already_shared":true,"jetpack_social_options":{"image_generator_settings":{"template":"highway","default_image_id":0,"font":"","enabled":false},"version":2}},"categories":[23,32],"tags":[],"class_list":["post-137083","post","type-post","status-publish","format-standard","has-post-thumbnail","hentry","category-del-mundo","category-espectaculos"],"jetpack_publicize_connections":[],"jetpack_featured_media_url":"https:\/\/formalprision.com\/wp-content\/uploads\/2025\/12\/cris.jpg","jetpack_sharing_enabled":true,"jetpack_shortlink":"https:\/\/wp.me\/p6id8p-zF1","_links":{"self":[{"href":"https:\/\/formalprision.com\/index.php?rest_route=\/wp\/v2\/posts\/137083","targetHints":{"allow":["GET"]}}],"collection":[{"href":"https:\/\/formalprision.com\/index.php?rest_route=\/wp\/v2\/posts"}],"about":[{"href":"https:\/\/formalprision.com\/index.php?rest_route=\/wp\/v2\/types\/post"}],"author":[{"embeddable":true,"href":"https:\/\/formalprision.com\/index.php?rest_route=\/wp\/v2\/users\/2"}],"replies":[{"embeddable":true,"href":"https:\/\/formalprision.com\/index.php?rest_route=%2Fwp%2Fv2%2Fcomments&post=137083"}],"version-history":[{"count":1,"href":"https:\/\/formalprision.com\/index.php?rest_route=\/wp\/v2\/posts\/137083\/revisions"}],"predecessor-version":[{"id":137084,"href":"https:\/\/formalprision.com\/index.php?rest_route=\/wp\/v2\/posts\/137083\/revisions\/137084"}],"wp:featuredmedia":[{"embeddable":true,"href":"https:\/\/formalprision.com\/index.php?rest_route=\/wp\/v2\/media\/137085"}],"wp:attachment":[{"href":"https:\/\/formalprision.com\/index.php?rest_route=%2Fwp%2Fv2%2Fmedia&parent=137083"}],"wp:term":[{"taxonomy":"category","embeddable":true,"href":"https:\/\/formalprision.com\/index.php?rest_route=%2Fwp%2Fv2%2Fcategories&post=137083"},{"taxonomy":"post_tag","embeddable":true,"href":"https:\/\/formalprision.com\/index.php?rest_route=%2Fwp%2Fv2%2Ftags&post=137083"}],"curies":[{"name":"wp","href":"https:\/\/api.w.org\/{rel}","templated":true}]}}