{"id":137089,"date":"2025-12-19T13:32:33","date_gmt":"2025-12-19T18:32:33","guid":{"rendered":"https:\/\/formalprision.com\/?p=137089"},"modified":"2025-12-19T13:32:33","modified_gmt":"2025-12-19T18:32:33","slug":"renacimiento-maya-reafirma-su-respaldo-a-migrantes-yucatecos","status":"publish","type":"post","link":"https:\/\/formalprision.com\/?p=137089","title":{"rendered":"Renacimiento Maya reafirma su respaldo a migrantes yucatecos\u00a0"},"content":{"rendered":"\n<p>Opich\u00e9n, Yucat\u00e1n, a 19 de diciembre de 2025.-Con motivo del D\u00eda Internacional del Migrante, el gobernador Joaqu\u00edn D\u00edaz Mena reafirm\u00f3 su compromiso con la comunidad al entregar apoyos a personas deportadas, viudas de migrantes y familias que enfrentan gastos extraordinarios por la repatriaci\u00f3n de un ser querido, para brindar respaldo solidario en momentos de necesidad.<br>&nbsp;<br>Desde Opich\u00e9n, y en el marco de esta conmemoraci\u00f3n, el mandatario refrend\u00f3 su compromiso con las y los yucatecos que buscan nuevas oportunidades fuera del pa\u00eds, y destac\u00f3 que en el \u00faltimo a\u00f1o se han realizado m\u00e1s de 1,000 acciones de atenci\u00f3n directa \u2014entre tr\u00e1mites, asesor\u00edas, acompa\u00f1amientos y apoyos econ\u00f3micos\u2014 con un enfoque humano y cercano.<br>&nbsp;<br>Durante su visita a ese municipio, anunci\u00f3 acciones en beneficio de la comunidad, como la construcci\u00f3n de seis kil\u00f3metros de caminos saca cosechas para facilitar el acceso de las y los productores a sus parcelas; la entrega de una ambulancia de traslado en 2026, para garantizar atenci\u00f3n m\u00e9dica oportuna en M\u00e9rida; y la instalaci\u00f3n de una Unidad de Rehabilitaci\u00f3n, autorizada por el DIF Yucat\u00e1n, que contar\u00e1 con espacio y equipamiento completo para brindar terapias a quienes lo requieran.<br>&nbsp;<br>\u201cLos migrantes yucatecos no est\u00e1n solos: Yucat\u00e1n los recuerda, respeta y espera con los brazos abiertos. En el D\u00eda del Migrante, el Gobierno del Estado honra la valent\u00eda de quienes partieron en busca de nuevas oportunidades, y reconoce que cada sacrificio y esfuerzo realizado lejos de su tierra llena de orgullo a sus familias y fortalece el coraz\u00f3n de nuestro querido estado\u201d, finaliz\u00f3. (Comunicado de Prensa)<br>&nbsp;<\/p>\n","protected":false},"excerpt":{"rendered":"<p>Opich\u00e9n, Yucat\u00e1n, a 19 de diciembre de 2025.-Con motivo del D\u00eda Internacional del Migrante, el gobernador Joaqu\u00edn D\u00edaz Mena reafirm\u00f3 su compromiso con la comunidad al entregar apoyos a personas<\/p>\n","protected":false},"author":1,"featured_media":137090,"comment_status":"open","ping_status":"open","sticky":false,"template":"","format":"standard","meta":{"jetpack_post_was_ever_published":false,"_jetpack_newsletter_access":"","_jetpack_dont_email_post_to_subs":false,"_jetpack_newsletter_tier_id":0,"_jetpack_memberships_contains_paywalled_content":false,"_jetpack_memberships_contains_paid_content":false,"footnotes":"","jetpack_publicize_message":"","jetpack_publicize_feature_enabled":true,"jetpack_social_post_already_shared":true,"jetpack_social_options":{"image_generator_settings":{"template":"highway","default_image_id":0,"font":"","enabled":false},"version":2}},"categories":[54],"tags":[],"class_list":["post-137089","post","type-post","status-publish","format-standard","has-post-thumbnail","hentry","category-yucatan"],"jetpack_publicize_connections":[],"jetpack_featured_media_url":"https:\/\/formalprision.com\/wp-content\/uploads\/2025\/12\/IMG-20251219-WA0016.jpg","jetpack_sharing_enabled":true,"jetpack_shortlink":"https:\/\/wp.me\/p6id8p-zF7","_links":{"self":[{"href":"https:\/\/formalprision.com\/index.php?rest_route=\/wp\/v2\/posts\/137089","targetHints":{"allow":["GET"]}}],"collection":[{"href":"https:\/\/formalprision.com\/index.php?rest_route=\/wp\/v2\/posts"}],"about":[{"href":"https:\/\/formalprision.com\/index.php?rest_route=\/wp\/v2\/types\/post"}],"author":[{"embeddable":true,"href":"https:\/\/formalprision.com\/index.php?rest_route=\/wp\/v2\/users\/1"}],"replies":[{"embeddable":true,"href":"https:\/\/formalprision.com\/index.php?rest_route=%2Fwp%2Fv2%2Fcomments&post=137089"}],"version-history":[{"count":1,"href":"https:\/\/formalprision.com\/index.php?rest_route=\/wp\/v2\/posts\/137089\/revisions"}],"predecessor-version":[{"id":137091,"href":"https:\/\/formalprision.com\/index.php?rest_route=\/wp\/v2\/posts\/137089\/revisions\/137091"}],"wp:featuredmedia":[{"embeddable":true,"href":"https:\/\/formalprision.com\/index.php?rest_route=\/wp\/v2\/media\/137090"}],"wp:attachment":[{"href":"https:\/\/formalprision.com\/index.php?rest_route=%2Fwp%2Fv2%2Fmedia&parent=137089"}],"wp:term":[{"taxonomy":"category","embeddable":true,"href":"https:\/\/formalprision.com\/index.php?rest_route=%2Fwp%2Fv2%2Fcategories&post=137089"},{"taxonomy":"post_tag","embeddable":true,"href":"https:\/\/formalprision.com\/index.php?rest_route=%2Fwp%2Fv2%2Ftags&post=137089"}],"curies":[{"name":"wp","href":"https:\/\/api.w.org\/{rel}","templated":true}]}}