{"id":137094,"date":"2025-12-19T19:10:49","date_gmt":"2025-12-20T00:10:49","guid":{"rendered":"https:\/\/formalprision.com\/?p=137094"},"modified":"2025-12-20T20:50:57","modified_gmt":"2025-12-21T01:50:57","slug":"cabildo-de-merida-aprueba-descuentos-para-cumplidos-del-predial-cecilia-patron","status":"publish","type":"post","link":"https:\/\/formalprision.com\/?p=137094","title":{"rendered":"Cabildo de M\u00e9rida aprueba descuentos para cumplidos del predial"},"content":{"rendered":"\n<p>M\u00c9RIDA, Yucat\u00e1n.- El Cabildo de M\u00e9rida, que encabeza la presidenta municipal Cecilia Patr\u00f3n Laviada, aprob\u00f3 por unanimidad en la \u00faltima sesi\u00f3n extraordinaria del a\u00f1o los est\u00edmulos para el pago del predial durante enero, febrero y marzo de 2026.<\/p>\n\n\n\n<p>Los descuentos se aplicar\u00e1n de la siguiente manera: 30 por ciento del 1 al 15 de enero, 25 por ciento del 16 al 31 de enero, 15 por ciento del 1 al 15 de febrero, el 12 por ciento del 16 al 28 de febrero y 8 por ciento del 1 al 31 de marzo.<\/p>\n\n\n\n<p>Adem\u00e1s los jubilados y los pensionados, personas mayores y personas con discapacidad tienen beneficios desde el 100 por ciento, 75 por ciento y 50 por ciento en el predial, y las personas mayores y personas con discapacidad, cuentan con la condonaci\u00f3n del derecho de piso, por uso y aprovechamiento de los mercados sobre ruedas \u00abtianguis en los parques\u00bb.<\/p>\n\n\n\n<p>Como cada a\u00f1o, se podr\u00e1 pagar en l\u00ednea o en los sitios dispuestos estrat\u00e9gicamente en toda la ciudad para el cumplimiento de esta disposici\u00f3n con horarios y facilidades que se adaptan a las necesidades de los ciudadanos.<\/p>\n\n\n\n<p>Una innovaci\u00f3n es la creaci\u00f3n del programa \u201cAl d\u00eda con tu bald\u00edo\u201d, que incentivar\u00e1 la atenci\u00f3n y limpieza de predios, entre otros est\u00edmulos fiscales.<\/p>\n\n\n\n<p>Sesi\u00f3n Ordinaria<\/p>\n\n\n\n<p>Antes, durante sesi\u00f3n ordinaria, el Cabildo acord\u00f3 dar a una asociaci\u00f3n civil en comodato un espacio que servir\u00e1 como refugio para mujeres en situaci\u00f3n de calle para ofrecer este servicio en coordinaci\u00f3n con el DIF Municipal.<\/p>\n\n\n\n<p>Asimismo, los regidores aprobaron por unanimidad 20 licitaciones p\u00fablicas para obras con recursos propios destinados a repavimentaci\u00f3n de calles en diversas colonias y fraccionamientos de esta ciudad, as\u00ed como la construcci\u00f3n del primer corredor verde en el fraccionamiento Gran Santa Fe, obra que se eligi\u00f3 este a\u00f1o a trav\u00e9s de Dise\u00f1a Tu Ciudad por las y los meridanos mediante un ejercicio y presupuesto participativo.<\/p>\n\n\n\n<p>\u201cEs un orgullo el trabajo que ha realizado la Direcci\u00f3n de Obras P\u00fablicas en 2025 con la aplicaci\u00f3n de m\u00e1s de 1 mil millones, haciendo un gasto eficiente que permiti\u00f3 ahorros para hacer m\u00e1s, y lograr mejores calles, luminarias y acciones de vivienda que impactan de manera positiva la vida de las personas\u201d, destac\u00f3 Cecilia Patr\u00f3n.<\/p>\n\n\n\n<p>El Cabildo tambi\u00e9n design\u00f3 a los oradores invitados en dos eventos de relevancia hist\u00f3rica y de vida para la capital yucateca: primero por la intervenci\u00f3n del m\u00e9dico, antrop\u00f3logo, etn\u00f3logo, investigador y profesor universitario Mario Humberto Ruz Sosa en el 484 Aniversario de la Fundaci\u00f3n de la Ciudad de M\u00e9rida, y a la Maestra Liliana Judith Hern\u00e1ndez Santiba\u00f1ez para conmemorar el Aniversario del Primer Congreso Feminista realizado en esta ciudad.<\/p>\n\n\n\n<p>De igual manera, siguiendo con el compromiso de contar con un municipio ordenado y con justicia social para todos se aprob\u00f3 por mayor\u00eda la modificaci\u00f3n del art\u00edculo 42 de las Reglas de Operaci\u00f3n del Sistema Individual de Retiro y Jubilaci\u00f3n, \u201cSIRJUM\u201d, el Comit\u00e9 T\u00e9cnico por parte del Ayuntamiento: las Regidoras o Regidores que integran la Comisi\u00f3n Especial de Administraci\u00f3n, Servicios Administrativos y Desarrollo Institucional, con el fin de garantizar las obligaciones patronales de este Ayuntamiento con sus trabajadores en concepto de jubilaciones o pensiones.<\/p>\n\n\n\n<p>Y se autoriz\u00f3 la reforma y adiciones al art\u00edculo 15 del \u201cReglamento del Presupuesto y Ejercicio del Gasto P\u00fablico del Municipio de M\u00e9rida\u201d con la finalidad armonizar la normativa municipal con los principios establecidos en la Ley de Disciplina Financiera de las Entidades Federativas y los Municipios, buscando fortalecer la sostenibilidad de las finanzas p\u00fablicas municipales, priorizando la reducci\u00f3n de pasivos, la atenci\u00f3n de obligaciones legales y financieras, as\u00ed como la inversi\u00f3n p\u00fablica productiva.<\/p>\n","protected":false},"excerpt":{"rendered":"<p>M\u00c9RIDA, Yucat\u00e1n.- El Cabildo de M\u00e9rida, que encabeza la presidenta municipal Cecilia Patr\u00f3n Laviada, aprob\u00f3 por unanimidad en la \u00faltima sesi\u00f3n extraordinaria del a\u00f1o los est\u00edmulos para el pago del<\/p>\n","protected":false},"author":2,"featured_media":137096,"comment_status":"open","ping_status":"open","sticky":false,"template":"","format":"standard","meta":{"jetpack_post_was_ever_published":false,"_jetpack_newsletter_access":"","_jetpack_dont_email_post_to_subs":false,"_jetpack_newsletter_tier_id":0,"_jetpack_memberships_contains_paywalled_content":false,"_jetpack_memberships_contains_paid_content":false,"footnotes":"","jetpack_publicize_message":"","jetpack_publicize_feature_enabled":true,"jetpack_social_post_already_shared":true,"jetpack_social_options":{"image_generator_settings":{"template":"highway","default_image_id":0,"font":"","enabled":false},"version":2}},"categories":[14],"tags":[],"class_list":["post-137094","post","type-post","status-publish","format-standard","has-post-thumbnail","hentry","category-merida"],"jetpack_publicize_connections":[],"jetpack_featured_media_url":"https:\/\/formalprision.com\/wp-content\/uploads\/2025\/12\/WhatsApp-Image-2025-12-19-at-2.31.10-PM.jpeg","jetpack_sharing_enabled":true,"jetpack_shortlink":"https:\/\/wp.me\/p6id8p-zFc","_links":{"self":[{"href":"https:\/\/formalprision.com\/index.php?rest_route=\/wp\/v2\/posts\/137094","targetHints":{"allow":["GET"]}}],"collection":[{"href":"https:\/\/formalprision.com\/index.php?rest_route=\/wp\/v2\/posts"}],"about":[{"href":"https:\/\/formalprision.com\/index.php?rest_route=\/wp\/v2\/types\/post"}],"author":[{"embeddable":true,"href":"https:\/\/formalprision.com\/index.php?rest_route=\/wp\/v2\/users\/2"}],"replies":[{"embeddable":true,"href":"https:\/\/formalprision.com\/index.php?rest_route=%2Fwp%2Fv2%2Fcomments&post=137094"}],"version-history":[{"count":2,"href":"https:\/\/formalprision.com\/index.php?rest_route=\/wp\/v2\/posts\/137094\/revisions"}],"predecessor-version":[{"id":137097,"href":"https:\/\/formalprision.com\/index.php?rest_route=\/wp\/v2\/posts\/137094\/revisions\/137097"}],"wp:featuredmedia":[{"embeddable":true,"href":"https:\/\/formalprision.com\/index.php?rest_route=\/wp\/v2\/media\/137096"}],"wp:attachment":[{"href":"https:\/\/formalprision.com\/index.php?rest_route=%2Fwp%2Fv2%2Fmedia&parent=137094"}],"wp:term":[{"taxonomy":"category","embeddable":true,"href":"https:\/\/formalprision.com\/index.php?rest_route=%2Fwp%2Fv2%2Fcategories&post=137094"},{"taxonomy":"post_tag","embeddable":true,"href":"https:\/\/formalprision.com\/index.php?rest_route=%2Fwp%2Fv2%2Ftags&post=137094"}],"curies":[{"name":"wp","href":"https:\/\/api.w.org\/{rel}","templated":true}]}}