{"id":137164,"date":"2025-12-23T07:43:17","date_gmt":"2025-12-23T12:43:17","guid":{"rendered":"https:\/\/formalprision.com\/?p=137164"},"modified":"2025-12-24T21:12:32","modified_gmt":"2025-12-25T02:12:32","slug":"avionazo-en-galveston-deja-5-muertos-incluido-un-nino-que-era-traslado-a-texas-por-quemaduras","status":"publish","type":"post","link":"https:\/\/formalprision.com\/?p=137164","title":{"rendered":"Avionazo en Galveston deja 5 muertos, incluido un ni\u00f1o que era traslado a Texas por quemaduras"},"content":{"rendered":"\n<p>M\u00c9RIDA, Yucat\u00e1n.- El peque\u00f1o Federico Efra\u00edn Ram\u00edrez Cruz, de dos a\u00f1os, originario de Esc\u00e1rcega, Campeche, es el ni\u00f1o que falleci\u00f3 en el accidente de un avi\u00f3n de la Secretar\u00eda de Marina cerca del aeropuerto de Galveston, Texas, cuando era transportado de M\u00e9rida al Hospitals for Children donde recibir\u00eda atenci\u00f3n especializada por quemaduras en el 40 por ciento de su cuerpo.<\/p>\n\n\n\n<p>El menor estaba ingresado en el Hospital O&#8217;Hor\u00e1n en espera de su traslado a\u00e9reo a Galveston, ya que ten\u00eda quemaduras graves que sufri\u00f3 al estar jugando en su casa y cay\u00f3 accidentalmente en una olla con agua hirviendo, que sus padres bajaron del fog\u00f3n al piso.<\/p>\n\n\n\n<p>Sus padres contactaron a la Fundaci\u00f3n Michou y Mau y de acuerdo con la delegada en Yucat\u00e1n, Anne Vilchis, realizaron todos los tr\u00e1mites, incluida el alta voluntaria para ser transportado ayer lunes hacia Texas.<\/p>\n\n\n\n<p>La aeronave ANX 1209, un Beech King Air 350 de la Secretar\u00eda de Marina Armada de M\u00e9xico, aterriz\u00f3 en el Aeropuerto Internacional Manuel Crescencio Rej\u00f3n de M\u00e9rida, de donde parti\u00f3 a las 13:00 horas con destino a Galveston, Texas.<\/p>\n\n\n\n<p>La aeronave lleg\u00f3 procedente de la Ciudad de M\u00e9xico, donde sali\u00f3 poco despu\u00e9s de las ocho de la ma\u00f1ana para aterrizar en la capital de Yucat\u00e1n a las 10:18 horas, donde ya era esperada por el menor, quien fue trasladado bajo cuidados extremos al aeropuerto meridano.<\/p>\n\n\n\n<p>De las ocho personas que viajaban a bordo, las autoridades han confirmado la muerte de las siguientes personas:<\/p>\n\n\n\n<p>\u2022 Teniente V\u00edctor Rafael P\u00e9rez Hern\u00e1ndez \u2013 Semar<\/p>\n\n\n\n<p>\u2022 Teniente Juan Iv\u00e1n Zaragoza Flores \u2013 Semar<\/p>\n\n\n\n<p>\u2022 Marinero Guadalupe Flores Barranco \u2013 Semar<\/p>\n\n\n\n<p>\u2022 Federico Efra\u00edn Ram\u00edrez Cruz \u2013 Paciente<\/p>\n\n\n\n<p>\u2022 Dr. Juan Alfonso Adame Gonz\u00e1lez \u2013 M\u00e9dico civil<\/p>\n\n\n\n<p>En calidad de desaparecido est\u00e1 el Teniente Luis Enrique Castillo Terrones \u2013 Semar, quien es buscado por elementos de la Guardia Costera de Estados Unidos.<\/p>\n\n\n\n<p>Los sobrevivientes son Miriam de Jes\u00fas Rosas Mancilla \u2013 Enfermera y la madre del menor Julia Aracelis Cruz Vera, quienes fueron rescatadas y trasladadas a un hospital local.<\/p>\n\n\n\n<p>La Junta Nacional de Seguridad en el Transporte (NTSB) y la Administraci\u00f3n Federal de Aviaci\u00f3n (FAA) iniciaron las investigaciones para determinar las causas del siniestro. Aunque los reportes meteorol\u00f3gicos se\u00f1alan la baja visibilidad como un factor cr\u00edtico, no se descartan fallas mec\u00e1nicas.<\/p>\n\n\n\n<p>La Secretar\u00eda de Relaciones Exteriores y la Fundaci\u00f3n Michou y Mau ya trabajan en la asistencia consular para las familias afectadas y el proceso de repatriaci\u00f3n de los cuerpos.<\/p>\n\n\n\n<p>Un par de pescadores fueron los primeros en llegar al sitio del accidente y rescataron a una mujer.<\/p>\n","protected":false},"excerpt":{"rendered":"<p>M\u00c9RIDA, Yucat\u00e1n.- El peque\u00f1o Federico Efra\u00edn Ram\u00edrez Cruz, de dos a\u00f1os, originario de Esc\u00e1rcega, Campeche, es el ni\u00f1o que falleci\u00f3 en el accidente de un avi\u00f3n de la Secretar\u00eda de<\/p>\n","protected":false},"author":2,"featured_media":137166,"comment_status":"open","ping_status":"open","sticky":false,"template":"","format":"standard","meta":{"jetpack_post_was_ever_published":false,"_jetpack_newsletter_access":"","_jetpack_dont_email_post_to_subs":false,"_jetpack_newsletter_tier_id":0,"_jetpack_memberships_contains_paywalled_content":false,"_jetpack_memberships_contains_paid_content":false,"footnotes":"","jetpack_publicize_message":"","jetpack_publicize_feature_enabled":true,"jetpack_social_post_already_shared":true,"jetpack_social_options":{"image_generator_settings":{"template":"highway","default_image_id":0,"font":"","enabled":false},"version":2}},"categories":[23],"tags":[],"class_list":["post-137164","post","type-post","status-publish","format-standard","has-post-thumbnail","hentry","category-del-mundo"],"jetpack_publicize_connections":[],"jetpack_featured_media_url":"https:\/\/formalprision.com\/wp-content\/uploads\/2025\/12\/alves.jpg","jetpack_sharing_enabled":true,"jetpack_shortlink":"https:\/\/wp.me\/p6id8p-zGk","_links":{"self":[{"href":"https:\/\/formalprision.com\/index.php?rest_route=\/wp\/v2\/posts\/137164","targetHints":{"allow":["GET"]}}],"collection":[{"href":"https:\/\/formalprision.com\/index.php?rest_route=\/wp\/v2\/posts"}],"about":[{"href":"https:\/\/formalprision.com\/index.php?rest_route=\/wp\/v2\/types\/post"}],"author":[{"embeddable":true,"href":"https:\/\/formalprision.com\/index.php?rest_route=\/wp\/v2\/users\/2"}],"replies":[{"embeddable":true,"href":"https:\/\/formalprision.com\/index.php?rest_route=%2Fwp%2Fv2%2Fcomments&post=137164"}],"version-history":[{"count":1,"href":"https:\/\/formalprision.com\/index.php?rest_route=\/wp\/v2\/posts\/137164\/revisions"}],"predecessor-version":[{"id":137165,"href":"https:\/\/formalprision.com\/index.php?rest_route=\/wp\/v2\/posts\/137164\/revisions\/137165"}],"wp:featuredmedia":[{"embeddable":true,"href":"https:\/\/formalprision.com\/index.php?rest_route=\/wp\/v2\/media\/137166"}],"wp:attachment":[{"href":"https:\/\/formalprision.com\/index.php?rest_route=%2Fwp%2Fv2%2Fmedia&parent=137164"}],"wp:term":[{"taxonomy":"category","embeddable":true,"href":"https:\/\/formalprision.com\/index.php?rest_route=%2Fwp%2Fv2%2Fcategories&post=137164"},{"taxonomy":"post_tag","embeddable":true,"href":"https:\/\/formalprision.com\/index.php?rest_route=%2Fwp%2Fv2%2Ftags&post=137164"}],"curies":[{"name":"wp","href":"https:\/\/api.w.org\/{rel}","templated":true}]}}