{"id":137178,"date":"2025-12-23T21:36:02","date_gmt":"2025-12-24T02:36:02","guid":{"rendered":"https:\/\/formalprision.com\/?p=137178"},"modified":"2025-12-24T21:11:28","modified_gmt":"2025-12-25T02:11:28","slug":"operativo-de-alto-impacto-reordena-el-comercio-semifijo-en-el-centro-de-merida","status":"publish","type":"post","link":"https:\/\/formalprision.com\/?p=137178","title":{"rendered":"Operativo de alto impacto reordena el comercio semifijo en el centro de M\u00e9rida"},"content":{"rendered":"\n<p>M\u00c9RIDA, Yucat\u00e1n.- Con el objetivo de garantizar el orden, la movilidad y la seguridad en el coraz\u00f3n de la ciudad durante la temporada de fin de a\u00f1o, la Secretar\u00eda T\u00e9cnica del Servicio P\u00fablico de Mercados, dependiente de la Coordinaci\u00f3n General de Buen Gobierno del Ayuntamiento de M\u00e9rida, llev\u00f3 a cabo un operativo de alto impacto para reordenar y retirar puestos semifijos irregulares en el primer cuadro de la capital yucateca.<\/p>\n\n\n\n<p>El operativo, ejecutado por un contingente de 20 inspectores debidamente identificados y capacitados, logr\u00f3 el retiro de nueve puestos semifijos dedicados a diversos giros comerciales. Entre los comercios retirados se encuentran puestos de venta de cobertores, ropa, calcetines, ropa interior y bisuter\u00eda que se encontraban instalados de manera irregular.<\/p>\n\n\n\n<p>La intervenci\u00f3n se desarroll\u00f3 en un per\u00edmetro espec\u00edfico del Centro Hist\u00f3rico, abarcando las calles 56 entre 63 y 65, calle 63 entre 56 y 58, calle 58 entre 63 y 65 y calle 54 entre 65 y 67. La elecci\u00f3n de esta zona responde a reportes ciudadanos y al trabajo de monitoreo constante, ya que la instalaci\u00f3n desordenada de estos puestos generaba una grave obstrucci\u00f3n al libre tr\u00e1nsito peatonal.&nbsp;<\/p>\n\n\n\n<p>Esta situaci\u00f3n no solo da\u00f1aba la movilidad en una de las \u00e1reas de mayor afluencia de la ciudad, sino que tambi\u00e9n representaba un riesgo para la integridad de las personas, quienes se ve\u00edan forzadas a descender de las banquetas para poder circular, compartiendo el espacio con el flujo vehicular.<\/p>\n\n\n\n<p>La alcaldesa Cecilia Patr\u00f3n Laviada ha sido enf\u00e1tica en se\u00f1alar la importancia de fomentar y proteger la actividad comercial, siempre y cuando esta se realice dentro del marco de la legalidad y el orden. En diversas ocasiones, la primera edil ha subrayado la necesidad de que prevalezca la armon\u00eda entre los comerciantes establecidos, los comerciantes en v\u00eda p\u00fablica que cumplen con los reglamentos, y los ciudadanos que transitan y disfrutan de los espacios p\u00fablicos.<\/p>\n\n\n\n<p>El \u00e9xito de este dispositivo refuerza el compromiso institucional por mantener una M\u00e9rida ordenada, segura y limpia para todos sus habitantes y visitantes. Estas acciones de reordenamiento no son aisladas, sino que forman parte de una estrategia integral de buen gobierno y proximidad ciudadana, dise\u00f1ada para mejorar la calidad de vida en los espacios comunes.<\/p>\n\n\n\n<p>El Ayuntamiento de M\u00e9rida hace un llamado respetuoso a todos los comerciantes a realizar sus actividades con apego a los reglamentos municipales vigentes. Asimismo se exhorta a la ciudadan\u00eda a colaborar como agentes activos en la vigilancia del espacio p\u00fablico.<\/p>\n\n\n\n<p>Para reportar cualquier irregularidad relacionada con la instalaci\u00f3n de comercio en v\u00eda p\u00fablica se ponen a disposici\u00f3n los canales oficiales de contacto como la l\u00ednea telef\u00f3nica Ayuntatel o mediante las redes sociales institucionales del Ayuntamiento de M\u00e9rida.<\/p>\n","protected":false},"excerpt":{"rendered":"<p>M\u00c9RIDA, Yucat\u00e1n.- Con el objetivo de garantizar el orden, la movilidad y la seguridad en el coraz\u00f3n de la ciudad durante la temporada de fin de a\u00f1o, la Secretar\u00eda T\u00e9cnica<\/p>\n","protected":false},"author":2,"featured_media":137180,"comment_status":"open","ping_status":"open","sticky":false,"template":"","format":"standard","meta":{"jetpack_post_was_ever_published":false,"_jetpack_newsletter_access":"","_jetpack_dont_email_post_to_subs":false,"_jetpack_newsletter_tier_id":0,"_jetpack_memberships_contains_paywalled_content":false,"_jetpack_memberships_contains_paid_content":false,"footnotes":"","jetpack_publicize_message":"","jetpack_publicize_feature_enabled":true,"jetpack_social_post_already_shared":true,"jetpack_social_options":{"image_generator_settings":{"template":"highway","default_image_id":0,"font":"","enabled":false},"version":2}},"categories":[54],"tags":[],"class_list":["post-137178","post","type-post","status-publish","format-standard","has-post-thumbnail","hentry","category-yucatan"],"jetpack_publicize_connections":[],"jetpack_featured_media_url":"https:\/\/formalprision.com\/wp-content\/uploads\/2025\/12\/WhatsApp-Image-2025-12-23-at-7.24.37-PM.jpeg","jetpack_sharing_enabled":true,"jetpack_shortlink":"https:\/\/wp.me\/p6id8p-zGy","_links":{"self":[{"href":"https:\/\/formalprision.com\/index.php?rest_route=\/wp\/v2\/posts\/137178","targetHints":{"allow":["GET"]}}],"collection":[{"href":"https:\/\/formalprision.com\/index.php?rest_route=\/wp\/v2\/posts"}],"about":[{"href":"https:\/\/formalprision.com\/index.php?rest_route=\/wp\/v2\/types\/post"}],"author":[{"embeddable":true,"href":"https:\/\/formalprision.com\/index.php?rest_route=\/wp\/v2\/users\/2"}],"replies":[{"embeddable":true,"href":"https:\/\/formalprision.com\/index.php?rest_route=%2Fwp%2Fv2%2Fcomments&post=137178"}],"version-history":[{"count":1,"href":"https:\/\/formalprision.com\/index.php?rest_route=\/wp\/v2\/posts\/137178\/revisions"}],"predecessor-version":[{"id":137179,"href":"https:\/\/formalprision.com\/index.php?rest_route=\/wp\/v2\/posts\/137178\/revisions\/137179"}],"wp:featuredmedia":[{"embeddable":true,"href":"https:\/\/formalprision.com\/index.php?rest_route=\/wp\/v2\/media\/137180"}],"wp:attachment":[{"href":"https:\/\/formalprision.com\/index.php?rest_route=%2Fwp%2Fv2%2Fmedia&parent=137178"}],"wp:term":[{"taxonomy":"category","embeddable":true,"href":"https:\/\/formalprision.com\/index.php?rest_route=%2Fwp%2Fv2%2Fcategories&post=137178"},{"taxonomy":"post_tag","embeddable":true,"href":"https:\/\/formalprision.com\/index.php?rest_route=%2Fwp%2Fv2%2Ftags&post=137178"}],"curies":[{"name":"wp","href":"https:\/\/api.w.org\/{rel}","templated":true}]}}