{"id":137195,"date":"2025-12-24T16:26:37","date_gmt":"2025-12-24T21:26:37","guid":{"rendered":"https:\/\/formalprision.com\/?p=137195"},"modified":"2025-12-25T22:45:13","modified_gmt":"2025-12-26T03:45:13","slug":"en-la-vispera-de-navidad-cecilia-patron-entrega-la-renovacion-del-centro-y-recreativo-la-ceiba","status":"publish","type":"post","link":"https:\/\/formalprision.com\/?p=137195","title":{"rendered":"En la v\u00edspera de Navidad, Cecilia Patr\u00f3n entrega la renovaci\u00f3n del Centro y Recreativo La Ceiba"},"content":{"rendered":"\n<p>M\u00c9RIDA, Yucat\u00e1n.- La Navidad lleg\u00f3 al Centro Ocupacional y Recreativo \u201cLa Ceiba\u201d en la colonia Dolores Otero donde la presidenta municipal de M\u00e9rida, Cecilia Patr\u00f3n Laviada, entreg\u00f3 obras de rehabilitaci\u00f3n de este centro municipal a 68 j\u00f3venes beneficiarios.<\/p>\n\n\n\n<p>\u201cCon las mejoras a este espacio es m\u00e1s seguro, accesible y social para que los usuarios puedan sentirse valorados, motivados y acompa\u00f1ados, para que puedan desarrollarse integralmente y vivir felices y plenos\u201d, extern\u00f3 la mun\u00edcipe.<\/p>\n\n\n\n<p>No es una obra m\u00e1s, representa el esfuerzo que se imprime a cada espacio p\u00fablico rehabilitando en toda la ciudad, con un estilo de gobierno municipal que es de la mano de las y los ciudadanos, con su participaci\u00f3n y oyendo las voces que eligen c\u00f3mo mejorar su ciudad.<\/p>\n\n\n\n<p>Los trabajos consistieron en instalaci\u00f3n de juegos infantiles incluyentes en el parque, ejercitadores, iluminaci\u00f3n LED, mantenimiento de juegos infantiles existentes y nuevas bancas. Adem\u00e1s, se intervino el \u00e1rea de comedor con mesas de picnic, nueva velaria con iluminaci\u00f3n LED, construcci\u00f3n de rampas de acceso y botes de basura.<\/p>\n\n\n\n<p>Tambi\u00e9n se rehabilitaron los ba\u00f1os interiores en el que se construyeron mesetas de concreto con su respectivo recubrimiento, se consideraron nuevas salidas hidr\u00e1ulicas, el\u00e9ctricas y sanitarias, tinaco de 1 mil 100 litros de capacidad y un biodigestor de 3 mil litros de capacidad con su respectivo pozo de absorci\u00f3n, cambio de mobiliario en ba\u00f1os y accesorios, as\u00ed como la adaptaci\u00f3n para personas con discapacidad en esta \u00e1rea.<\/p>\n\n\n\n<p>El director de Obras P\u00fablicas, Sergio Chan Lugo, inform\u00f3 que en total se invirtieron 3 millones 521 mil 102 pesos, adem\u00e1s se aplicar\u00e1n otros 500 mil pesos en la rehabilitaci\u00f3n de ba\u00f1os ubicados a la entrada de este centro.<\/p>\n\n\n\n<p>El Centro Ocupacional y Recreativo \u201cLa Ceiba\u201d es un espacio dedicado a promover la inclusi\u00f3n, el desarrollo integral y la calidad de vida de j\u00f3venes con discapacidad a trav\u00e9s de actividades que promueven su autonom\u00eda, autoestima, bienestar f\u00edsico y emocional, respetando las capacidades individuales de cada participante.<\/p>\n\n\n\n<p>Cada beneficiario de acuerdo a su perfil es atendido y estimulado mediante talleres ocupacionales como elaboraci\u00f3n de pi\u00f1atas, cocina y creaciones, o del Circuito de Desarrollo Integral. Paralelamente participan en talleres de los programas de selecci\u00f3n danza y b\u00e1squetbol para potencializar habilidades f\u00edsicas y la expresi\u00f3n art\u00edstica.<\/p>\n\n\n\n<p>Cecilia Patr\u00f3n extern\u00f3 que cada espacio p\u00fablico mejorado tiene un valor muy especial, porque unifica el sentido de comunidad y permite un tejido social m\u00e1s fortificado.<\/p>\n\n\n\n<p>En lo que va de la administraci\u00f3n se han remodelado 39 parques y 16 unidades deportivas, en la que hoy las familias meridanas cuentan con espacios p\u00fablicos de calidad<\/p>\n\n\n\n<p>\u201cNo s\u00f3lo es un derecho, es una necesidad que, al cumplirse, cultiva nuestra identidad y nos fortalece como municipio\u201d, puntualiz\u00f3 la alcaldesa.<\/p>\n\n\n\n<p>Reiter\u00f3 adem\u00e1s que, desde el Ayuntamiento, se seguir\u00e1 trabajando 24\/7 para mejorar M\u00e9rida con justicia social y la voz meridana, avanzando con mucha m\u00e1s energ\u00eda, con mucha m\u00e1s fuerza y compromiso en un 2026, con m\u00e1s obras, mejores espacios p\u00fablicos para todos, y m\u00e1s familias unidas.<\/p>\n\n\n\n<p>Presenciaron esta entrega Zhazil M\u00e9ndez Hern\u00e1ndez y \u00c1lvaro Cetina Puerto, diputados locales; Genny Palomo M\u00e9ndez, regidora de M\u00e9rida; Gerardo L\u00f3pez Hern\u00e1ndez, director Desarrollo Integral de la Familia (DIF) Municipal; y Arturo Le\u00f3n Itz\u00e1, director de Desarrollo Social y Combate a la Pobreza.<\/p>\n","protected":false},"excerpt":{"rendered":"<p>M\u00c9RIDA, Yucat\u00e1n.- La Navidad lleg\u00f3 al Centro Ocupacional y Recreativo \u201cLa Ceiba\u201d en la colonia Dolores Otero donde la presidenta municipal de M\u00e9rida, Cecilia Patr\u00f3n Laviada, entreg\u00f3 obras de rehabilitaci\u00f3n<\/p>\n","protected":false},"author":2,"featured_media":137197,"comment_status":"open","ping_status":"open","sticky":false,"template":"","format":"standard","meta":{"jetpack_post_was_ever_published":false,"_jetpack_newsletter_access":"","_jetpack_dont_email_post_to_subs":false,"_jetpack_newsletter_tier_id":0,"_jetpack_memberships_contains_paywalled_content":false,"_jetpack_memberships_contains_paid_content":false,"footnotes":"","jetpack_publicize_message":"","jetpack_publicize_feature_enabled":true,"jetpack_social_post_already_shared":true,"jetpack_social_options":{"image_generator_settings":{"template":"highway","default_image_id":0,"font":"","enabled":false},"version":2}},"categories":[14],"tags":[],"class_list":["post-137195","post","type-post","status-publish","format-standard","has-post-thumbnail","hentry","category-merida"],"jetpack_publicize_connections":[],"jetpack_featured_media_url":"https:\/\/formalprision.com\/wp-content\/uploads\/2025\/12\/WhatsApp-Image-2025-12-24-at-2.47.18-PM.jpeg","jetpack_sharing_enabled":true,"jetpack_shortlink":"https:\/\/wp.me\/p6id8p-zGP","_links":{"self":[{"href":"https:\/\/formalprision.com\/index.php?rest_route=\/wp\/v2\/posts\/137195","targetHints":{"allow":["GET"]}}],"collection":[{"href":"https:\/\/formalprision.com\/index.php?rest_route=\/wp\/v2\/posts"}],"about":[{"href":"https:\/\/formalprision.com\/index.php?rest_route=\/wp\/v2\/types\/post"}],"author":[{"embeddable":true,"href":"https:\/\/formalprision.com\/index.php?rest_route=\/wp\/v2\/users\/2"}],"replies":[{"embeddable":true,"href":"https:\/\/formalprision.com\/index.php?rest_route=%2Fwp%2Fv2%2Fcomments&post=137195"}],"version-history":[{"count":1,"href":"https:\/\/formalprision.com\/index.php?rest_route=\/wp\/v2\/posts\/137195\/revisions"}],"predecessor-version":[{"id":137196,"href":"https:\/\/formalprision.com\/index.php?rest_route=\/wp\/v2\/posts\/137195\/revisions\/137196"}],"wp:featuredmedia":[{"embeddable":true,"href":"https:\/\/formalprision.com\/index.php?rest_route=\/wp\/v2\/media\/137197"}],"wp:attachment":[{"href":"https:\/\/formalprision.com\/index.php?rest_route=%2Fwp%2Fv2%2Fmedia&parent=137195"}],"wp:term":[{"taxonomy":"category","embeddable":true,"href":"https:\/\/formalprision.com\/index.php?rest_route=%2Fwp%2Fv2%2Fcategories&post=137195"},{"taxonomy":"post_tag","embeddable":true,"href":"https:\/\/formalprision.com\/index.php?rest_route=%2Fwp%2Fv2%2Ftags&post=137195"}],"curies":[{"name":"wp","href":"https:\/\/api.w.org\/{rel}","templated":true}]}}