{"id":137201,"date":"2025-12-24T21:17:10","date_gmt":"2025-12-25T02:17:10","guid":{"rendered":"https:\/\/formalprision.com\/?p=137201"},"modified":"2025-12-25T22:44:58","modified_gmt":"2025-12-26T03:44:58","slug":"asignan-160-plazas-docentes-para-el-ciclo-escolar-2025-2026","status":"publish","type":"post","link":"https:\/\/formalprision.com\/?p=137201","title":{"rendered":"Asignan 160 plazas docentes para el ciclo escolar 2025-2026"},"content":{"rendered":"\n<p>&nbsp;M\u00e9rida, Yucat\u00e1n, a 24 de diciembre de 2025.-La Secretar\u00eda de Educaci\u00f3n de Yucat\u00e1n (Segey), entreg\u00f3 plazas docentes correspondientes a los procesos de Admisi\u00f3n y Promoci\u00f3n Vertical en Educaci\u00f3n B\u00e1sica del ciclo escolar 2025\u20132026, en beneficio de 160 maestras y maestros de la entidad.<br>&nbsp;<br>Durante este ejercicio se otorgaron 123 plazas de Admisi\u00f3n y 37 de Promoci\u00f3n Vertical, lo que brinda certeza laboral y nuevas oportunidades de desarrollo profesional a las y los docentes que, a partir de esta asignaci\u00f3n, fortalecen su trayectoria dentro del sistema educativo estatal.<br>&nbsp;<br>El proceso se realiz\u00f3 de manera simult\u00e1nea y con apego a la normatividad, bajo la supervisi\u00f3n de un comit\u00e9 integrado por representantes de la Unidad del Sistema para la Carrera de las Maestras y los Maestros (Usicamm), la Oficina de Enlace Educativo de la Secretar\u00eda de Educaci\u00f3n P\u00fablica (SEP), las direcciones Jur\u00eddica y de Educaci\u00f3n B\u00e1sica de la Segey, as\u00ed como organizaciones sindicales del sector educativo, para garantizar legalidad y equidad en cada asignaci\u00f3n.<br>&nbsp;<br>En el proceso de Admisi\u00f3n, se entregaron cuarenta plazas en Educaci\u00f3n Preescolar, veintinueve en Educaci\u00f3n Primaria, veintitr\u00e9s en Educaci\u00f3n Ind\u00edgena, dieciocho en Educaci\u00f3n Especial, diez en Telesecundaria y tres en el Centro de Educaci\u00f3n B\u00e1sica para Adultos (CEBA), con el prop\u00f3sito de fortalecer la cobertura educativa en distintos niveles y modalidades del sistema estatal.<br>&nbsp;<br>Por su parte, en el proceso de Promoci\u00f3n Vertical se asignaron tres plazas en Educaci\u00f3n Inicial, nueve en Preescolar, catorce en Primaria, dos en Educaci\u00f3n Ind\u00edgena, una en Educaci\u00f3n Especial y ocho en Secundaria, en reconocimiento a la preparaci\u00f3n, experiencia y compromiso del personal docente que contin\u00faa su desarrollo dentro del servicio educativo.<br>&nbsp;<\/p>\n","protected":false},"excerpt":{"rendered":"<p>&nbsp;M\u00e9rida, Yucat\u00e1n, a 24 de diciembre de 2025.-La Secretar\u00eda de Educaci\u00f3n de Yucat\u00e1n (Segey), entreg\u00f3 plazas docentes correspondientes a los procesos de Admisi\u00f3n y Promoci\u00f3n Vertical en Educaci\u00f3n B\u00e1sica del<\/p>\n","protected":false},"author":1,"featured_media":137202,"comment_status":"open","ping_status":"open","sticky":false,"template":"","format":"standard","meta":{"jetpack_post_was_ever_published":false,"_jetpack_newsletter_access":"","_jetpack_dont_email_post_to_subs":false,"_jetpack_newsletter_tier_id":0,"_jetpack_memberships_contains_paywalled_content":false,"_jetpack_memberships_contains_paid_content":false,"footnotes":"","jetpack_publicize_message":"","jetpack_publicize_feature_enabled":true,"jetpack_social_post_already_shared":true,"jetpack_social_options":{"image_generator_settings":{"template":"highway","default_image_id":0,"font":"","enabled":false},"version":2}},"categories":[14],"tags":[],"class_list":["post-137201","post","type-post","status-publish","format-standard","has-post-thumbnail","hentry","category-merida"],"jetpack_publicize_connections":[],"jetpack_featured_media_url":"https:\/\/formalprision.com\/wp-content\/uploads\/2025\/12\/IMG-20251224-WA0072.jpg","jetpack_sharing_enabled":true,"jetpack_shortlink":"https:\/\/wp.me\/p6id8p-zGV","_links":{"self":[{"href":"https:\/\/formalprision.com\/index.php?rest_route=\/wp\/v2\/posts\/137201","targetHints":{"allow":["GET"]}}],"collection":[{"href":"https:\/\/formalprision.com\/index.php?rest_route=\/wp\/v2\/posts"}],"about":[{"href":"https:\/\/formalprision.com\/index.php?rest_route=\/wp\/v2\/types\/post"}],"author":[{"embeddable":true,"href":"https:\/\/formalprision.com\/index.php?rest_route=\/wp\/v2\/users\/1"}],"replies":[{"embeddable":true,"href":"https:\/\/formalprision.com\/index.php?rest_route=%2Fwp%2Fv2%2Fcomments&post=137201"}],"version-history":[{"count":1,"href":"https:\/\/formalprision.com\/index.php?rest_route=\/wp\/v2\/posts\/137201\/revisions"}],"predecessor-version":[{"id":137203,"href":"https:\/\/formalprision.com\/index.php?rest_route=\/wp\/v2\/posts\/137201\/revisions\/137203"}],"wp:featuredmedia":[{"embeddable":true,"href":"https:\/\/formalprision.com\/index.php?rest_route=\/wp\/v2\/media\/137202"}],"wp:attachment":[{"href":"https:\/\/formalprision.com\/index.php?rest_route=%2Fwp%2Fv2%2Fmedia&parent=137201"}],"wp:term":[{"taxonomy":"category","embeddable":true,"href":"https:\/\/formalprision.com\/index.php?rest_route=%2Fwp%2Fv2%2Fcategories&post=137201"},{"taxonomy":"post_tag","embeddable":true,"href":"https:\/\/formalprision.com\/index.php?rest_route=%2Fwp%2Fv2%2Ftags&post=137201"}],"curies":[{"name":"wp","href":"https:\/\/api.w.org\/{rel}","templated":true}]}}