{"id":137249,"date":"2025-12-26T20:56:42","date_gmt":"2025-12-27T01:56:42","guid":{"rendered":"https:\/\/formalprision.com\/?p=137249"},"modified":"2025-12-28T16:53:58","modified_gmt":"2025-12-28T21:53:58","slug":"los-tigres-del-norte-apareceran-en-the-simpsons-con-el-corrido-de-pedro-y-homero","status":"publish","type":"post","link":"https:\/\/formalprision.com\/?p=137249","title":{"rendered":"Los Tigres del Norte aparecer\u00e1n en \u2018The Simpsons\u2019 con El Corrido de Pedro y Homero"},"content":{"rendered":"\n<p>La banda mexicana Los Tigres del Norte aparecer\u00e1n en un episodio de \u2018The Simpsons\u2018 e interpretar\u00e1n un corrido escrito especialmente para el programa, que se emitir\u00e1 este domingo 28 de diciembre de 2025 en FOX.<\/p>\n\n\n\n<p>\u201cUna banda legendaria. Una canci\u00f3n original. Un toque muy Simpson. Los Tigres del Norte presentar\u00e1n \u2018El Corrido de Pedro y Homero\u2019 este domingo en FOX\u201d, indic\u00f3 la cuenta oficial en X de la familia m\u00e1s carism\u00e1tica de la televisi\u00f3n en un escrito.<\/p>\n\n\n\n<p>El mensaje lo acompa\u00f1an dos im\u00e1genes de la emblem\u00e1tica agrupaci\u00f3n, que tiene m\u00e1s de cinco d\u00e9cadas de historia, subidos a un escenario junto a El Hombre Abeja y Homero Simpson, quien porta un sombrero de estilo mexicano.<\/p>\n\n\n\n<p>Los Tigres del Norte es una de las bandas m\u00e1s influyentes de m\u00fasica norte\u00f1a, retratando en sus letras la experiencia migrante, las luchas sociales y la vida en la frontera entre M\u00e9xico y Estados Unidos.<\/p>\n\n\n\n<p>La agrupaci\u00f3n ha tomado adem\u00e1s una postura cr\u00edtica contra el Gobierno del presidente Donald Trump.<\/p>\n\n\n\n<p>Hicieron campa\u00f1a en favor de la exvicepresidenta Kamala Harris en su camino a la Casa Blanca en las elecciones presidenciales de 2024 y han mostrado p\u00fablicamente su defensa a los derechos de las personas migrantes una vez que el l\u00edder republicano alcanz\u00f3 el poder.<\/p>\n\n\n\n<p>\u201cQue (Trump) abra su coraz\u00f3n y recuerde que sus antepasados tambi\u00e9n llegaron como migrantes a Estados Unidos. Y creo que un presidente se debe tener coraz\u00f3n para todas las razas, no nom\u00e1s para los blancos\u201d, indic\u00f3 la banda a EFE durante su paso por la alfombra roja de los Latin Grammy que se celebr\u00f3 el pasado noviembre en Las Vegas.<\/p>\n\n\n\n<p>Durante la gala, Los Tigres del Norte realizaron un poderoso homenaje a los inmigrantes, mostrando el rostro de familias e im\u00e1genes de las protestas que azotaron ciudades como Los \u00c1ngeles.<\/p>\n","protected":false},"excerpt":{"rendered":"<p>La banda mexicana Los Tigres del Norte aparecer\u00e1n en un episodio de \u2018The Simpsons\u2018 e interpretar\u00e1n un corrido escrito especialmente para el programa, que se emitir\u00e1 este domingo 28 de<\/p>\n","protected":false},"author":2,"featured_media":137251,"comment_status":"open","ping_status":"open","sticky":false,"template":"","format":"standard","meta":{"jetpack_post_was_ever_published":false,"_jetpack_newsletter_access":"","_jetpack_dont_email_post_to_subs":false,"_jetpack_newsletter_tier_id":0,"_jetpack_memberships_contains_paywalled_content":false,"_jetpack_memberships_contains_paid_content":false,"footnotes":"","jetpack_publicize_message":"","jetpack_publicize_feature_enabled":true,"jetpack_social_post_already_shared":true,"jetpack_social_options":{"image_generator_settings":{"template":"highway","default_image_id":0,"font":"","enabled":false},"version":2}},"categories":[23,21],"tags":[],"class_list":["post-137249","post","type-post","status-publish","format-standard","has-post-thumbnail","hentry","category-del-mundo","category-nacionales"],"jetpack_publicize_connections":[],"jetpack_featured_media_url":"https:\/\/formalprision.com\/wp-content\/uploads\/2025\/12\/tires.jpg","jetpack_sharing_enabled":true,"jetpack_shortlink":"https:\/\/wp.me\/p6id8p-zHH","_links":{"self":[{"href":"https:\/\/formalprision.com\/index.php?rest_route=\/wp\/v2\/posts\/137249","targetHints":{"allow":["GET"]}}],"collection":[{"href":"https:\/\/formalprision.com\/index.php?rest_route=\/wp\/v2\/posts"}],"about":[{"href":"https:\/\/formalprision.com\/index.php?rest_route=\/wp\/v2\/types\/post"}],"author":[{"embeddable":true,"href":"https:\/\/formalprision.com\/index.php?rest_route=\/wp\/v2\/users\/2"}],"replies":[{"embeddable":true,"href":"https:\/\/formalprision.com\/index.php?rest_route=%2Fwp%2Fv2%2Fcomments&post=137249"}],"version-history":[{"count":1,"href":"https:\/\/formalprision.com\/index.php?rest_route=\/wp\/v2\/posts\/137249\/revisions"}],"predecessor-version":[{"id":137250,"href":"https:\/\/formalprision.com\/index.php?rest_route=\/wp\/v2\/posts\/137249\/revisions\/137250"}],"wp:featuredmedia":[{"embeddable":true,"href":"https:\/\/formalprision.com\/index.php?rest_route=\/wp\/v2\/media\/137251"}],"wp:attachment":[{"href":"https:\/\/formalprision.com\/index.php?rest_route=%2Fwp%2Fv2%2Fmedia&parent=137249"}],"wp:term":[{"taxonomy":"category","embeddable":true,"href":"https:\/\/formalprision.com\/index.php?rest_route=%2Fwp%2Fv2%2Fcategories&post=137249"},{"taxonomy":"post_tag","embeddable":true,"href":"https:\/\/formalprision.com\/index.php?rest_route=%2Fwp%2Fv2%2Ftags&post=137249"}],"curies":[{"name":"wp","href":"https:\/\/api.w.org\/{rel}","templated":true}]}}