{"id":137264,"date":"2025-12-28T12:31:37","date_gmt":"2025-12-28T17:31:37","guid":{"rendered":"https:\/\/formalprision.com\/?p=137264"},"modified":"2025-12-29T00:44:05","modified_gmt":"2025-12-29T05:44:05","slug":"violencia-en-villaflores-chiapas-siete-desaparecidos-y-dos-bares-incendiados","status":"publish","type":"post","link":"https:\/\/formalprision.com\/?p=137264","title":{"rendered":"Violencia en Villaflores, Chiapas: Siete desaparecidos y dos bares incendiados"},"content":{"rendered":"\n<p>Autoridades de Chiapas movilizaron a 200 agentes la la violencia de las \u00faltimas horas en el Jorge Luis Llaven Abarca, titular de la Fiscal\u00eda de Chiapas, confirm\u00f3 que hay siete personas desaparecidas y dos bares incendiados tras hechos de violencia registrados en las \u00faltimas horas en el municipio de Villaflores.<\/p>\n\n\n\n<p>El funcionario estatal apunt\u00f3 que las investigaciones iniciaron desde las primeras horas del s\u00e1bado 27 de diciembre de 2025, luego de que el C5 Escudo Pakal recibiera reportes sobre disparos y veh\u00edculos incendiados en la cabecera municipal.<\/p>\n\n\n\n<p>Indic\u00f3 que fueron movilizados al sitio agentes del Ministerio P\u00fablico, peritos y elementos de la Polic\u00eda de Investigaci\u00f3n, quien confirmaron que fueron incendiados los bares C\u00e1bala y Anubis.<\/p>\n\n\n\n<p>Argument\u00f3 que mediante trabajos de inteligencia y an\u00e1lisis tecnol\u00f3gico, se logr\u00f3 establecer que los hechos fueron perpetrados por sujetos armados que ingresaron al municipio a bordo de tres camionetas, alrededor de las 03:00 h.<\/p>\n\n\n\n<p>Llaven Abarca afirm\u00f3 que el m\u00f3vil principal de estos hechos es la disputa por el narcomenudeo entre dos c\u00e9lulas delictivas que operan en la regi\u00f3n.<\/p>\n\n\n\n<p>El fiscal de Chiapas tambi\u00e9n inform\u00f3 que se recibieron denuncias por la desaparici\u00f3n de siete personas, dos de ellas presuntamente propietarias de los bares afectados.<\/p>\n\n\n\n<p>Adem\u00e1s, se reportan tres mujeres con lesiones por quemaduras, quienes recibieron atenci\u00f3n m\u00e9dica y se encuentran estables.<\/p>\n\n\n\n<p>Derivado de esta violencia en Villaflores, la Fiscal\u00eda de Chiapas implement\u00f3 un operativo de b\u00fasqueda y seguridad en la zona con m\u00e1s de 200 elementos, en coordinaci\u00f3n con la Secretar\u00eda de la Defensa Nacional, Guardia Nacional y la Secretar\u00eda de Seguridad del Pueblo, adem\u00e1s de un grupo especial de agentes de inteligencia e investigaci\u00f3n ministerial.<\/p>\n","protected":false},"excerpt":{"rendered":"<p>Autoridades de Chiapas movilizaron a 200 agentes la la violencia de las \u00faltimas horas en el Jorge Luis Llaven Abarca, titular de la Fiscal\u00eda de Chiapas, confirm\u00f3 que hay siete<\/p>\n","protected":false},"author":2,"featured_media":137266,"comment_status":"open","ping_status":"open","sticky":false,"template":"","format":"standard","meta":{"jetpack_post_was_ever_published":false,"_jetpack_newsletter_access":"","_jetpack_dont_email_post_to_subs":false,"_jetpack_newsletter_tier_id":0,"_jetpack_memberships_contains_paywalled_content":false,"_jetpack_memberships_contains_paid_content":false,"footnotes":"","jetpack_publicize_message":"","jetpack_publicize_feature_enabled":true,"jetpack_social_post_already_shared":true,"jetpack_social_options":{"image_generator_settings":{"template":"highway","default_image_id":0,"font":"","enabled":false},"version":2}},"categories":[23,21],"tags":[],"class_list":["post-137264","post","type-post","status-publish","format-standard","has-post-thumbnail","hentry","category-del-mundo","category-nacionales"],"jetpack_publicize_connections":[],"jetpack_featured_media_url":"https:\/\/formalprision.com\/wp-content\/uploads\/2025\/12\/chiapas.jpg","jetpack_sharing_enabled":true,"jetpack_shortlink":"https:\/\/wp.me\/p6id8p-zHW","_links":{"self":[{"href":"https:\/\/formalprision.com\/index.php?rest_route=\/wp\/v2\/posts\/137264","targetHints":{"allow":["GET"]}}],"collection":[{"href":"https:\/\/formalprision.com\/index.php?rest_route=\/wp\/v2\/posts"}],"about":[{"href":"https:\/\/formalprision.com\/index.php?rest_route=\/wp\/v2\/types\/post"}],"author":[{"embeddable":true,"href":"https:\/\/formalprision.com\/index.php?rest_route=\/wp\/v2\/users\/2"}],"replies":[{"embeddable":true,"href":"https:\/\/formalprision.com\/index.php?rest_route=%2Fwp%2Fv2%2Fcomments&post=137264"}],"version-history":[{"count":1,"href":"https:\/\/formalprision.com\/index.php?rest_route=\/wp\/v2\/posts\/137264\/revisions"}],"predecessor-version":[{"id":137265,"href":"https:\/\/formalprision.com\/index.php?rest_route=\/wp\/v2\/posts\/137264\/revisions\/137265"}],"wp:featuredmedia":[{"embeddable":true,"href":"https:\/\/formalprision.com\/index.php?rest_route=\/wp\/v2\/media\/137266"}],"wp:attachment":[{"href":"https:\/\/formalprision.com\/index.php?rest_route=%2Fwp%2Fv2%2Fmedia&parent=137264"}],"wp:term":[{"taxonomy":"category","embeddable":true,"href":"https:\/\/formalprision.com\/index.php?rest_route=%2Fwp%2Fv2%2Fcategories&post=137264"},{"taxonomy":"post_tag","embeddable":true,"href":"https:\/\/formalprision.com\/index.php?rest_route=%2Fwp%2Fv2%2Ftags&post=137264"}],"curies":[{"name":"wp","href":"https:\/\/api.w.org\/{rel}","templated":true}]}}