{"id":137273,"date":"2025-12-28T17:00:49","date_gmt":"2025-12-28T22:00:49","guid":{"rendered":"https:\/\/formalprision.com\/?p=137273"},"modified":"2025-12-29T22:36:51","modified_gmt":"2025-12-30T03:36:51","slug":"descarrila-el-tren-interoceanico","status":"publish","type":"post","link":"https:\/\/formalprision.com\/?p=137273","title":{"rendered":"Descarrila el tren Interoce\u00e1nico y mueren 13 personas"},"content":{"rendered":"\n<p>La ma\u00f1ana de \u00e9ste domingo se inform\u00f3 sobre el descarrilamiento de un vag\u00f3n de pasajeros del tren interoce\u00e1nico en el tramo Chivela\u2013Nizanda kil\u00f3metro 230, en el puente a la salida de Nizanda.<\/p>\n\n\n\n<p>Seg\u00fan los afectados, el vag\u00f3n cay\u00f3 a un barranco de varios metros de profundidad, dejando como resultado a varios pasajeros heridos, incluyendo a miembros de la tripulaci\u00f3n.<\/p>\n\n\n\n<p>El tren sali\u00f3 a las 8 de la ma\u00f1ana de Salina Cruz, Oaxaca, y se dirig\u00eda a Coatzacoalcos, Veracruz.<\/p>\n\n\n\n<p>Hasta el momento no se tiene un n\u00famero oficial de personas lesionadas, sin embargo la p\u00e1gina oficial del corredor interoce\u00e1nico confirm\u00f3 que en el tren iban a bordo 241 pasajeros y 9 integrantes de la tripulaci\u00f3n.<\/p>\n\n\n\n<p>Bomberos de Mat\u00edas Romero y Protecci\u00f3n Civil de Mat\u00edas Romero ya se movilizan y brindan apoyo en la zona.<\/p>\n","protected":false},"excerpt":{"rendered":"<p>La ma\u00f1ana de \u00e9ste domingo se inform\u00f3 sobre el descarrilamiento de un vag\u00f3n de pasajeros del tren interoce\u00e1nico en el tramo Chivela\u2013Nizanda kil\u00f3metro 230, en el puente a la salida<\/p>\n","protected":false},"author":1,"featured_media":137274,"comment_status":"open","ping_status":"open","sticky":false,"template":"","format":"standard","meta":{"jetpack_post_was_ever_published":false,"_jetpack_newsletter_access":"","_jetpack_dont_email_post_to_subs":false,"_jetpack_newsletter_tier_id":0,"_jetpack_memberships_contains_paywalled_content":false,"_jetpack_memberships_contains_paid_content":false,"footnotes":"","jetpack_publicize_message":"","jetpack_publicize_feature_enabled":true,"jetpack_social_post_already_shared":true,"jetpack_social_options":{"image_generator_settings":{"template":"highway","default_image_id":0,"font":"","enabled":false},"version":2}},"categories":[23,21],"tags":[],"class_list":["post-137273","post","type-post","status-publish","format-standard","has-post-thumbnail","hentry","category-del-mundo","category-nacionales"],"jetpack_publicize_connections":[],"jetpack_featured_media_url":"https:\/\/formalprision.com\/wp-content\/uploads\/2025\/12\/FB_IMG_1766959231059.jpg","jetpack_sharing_enabled":true,"jetpack_shortlink":"https:\/\/wp.me\/p6id8p-zI5","_links":{"self":[{"href":"https:\/\/formalprision.com\/index.php?rest_route=\/wp\/v2\/posts\/137273","targetHints":{"allow":["GET"]}}],"collection":[{"href":"https:\/\/formalprision.com\/index.php?rest_route=\/wp\/v2\/posts"}],"about":[{"href":"https:\/\/formalprision.com\/index.php?rest_route=\/wp\/v2\/types\/post"}],"author":[{"embeddable":true,"href":"https:\/\/formalprision.com\/index.php?rest_route=\/wp\/v2\/users\/1"}],"replies":[{"embeddable":true,"href":"https:\/\/formalprision.com\/index.php?rest_route=%2Fwp%2Fv2%2Fcomments&post=137273"}],"version-history":[{"count":2,"href":"https:\/\/formalprision.com\/index.php?rest_route=\/wp\/v2\/posts\/137273\/revisions"}],"predecessor-version":[{"id":137282,"href":"https:\/\/formalprision.com\/index.php?rest_route=\/wp\/v2\/posts\/137273\/revisions\/137282"}],"wp:featuredmedia":[{"embeddable":true,"href":"https:\/\/formalprision.com\/index.php?rest_route=\/wp\/v2\/media\/137274"}],"wp:attachment":[{"href":"https:\/\/formalprision.com\/index.php?rest_route=%2Fwp%2Fv2%2Fmedia&parent=137273"}],"wp:term":[{"taxonomy":"category","embeddable":true,"href":"https:\/\/formalprision.com\/index.php?rest_route=%2Fwp%2Fv2%2Fcategories&post=137273"},{"taxonomy":"post_tag","embeddable":true,"href":"https:\/\/formalprision.com\/index.php?rest_route=%2Fwp%2Fv2%2Ftags&post=137273"}],"curies":[{"name":"wp","href":"https:\/\/api.w.org\/{rel}","templated":true}]}}