{"id":137286,"date":"2025-12-29T19:19:20","date_gmt":"2025-12-30T00:19:20","guid":{"rendered":"https:\/\/formalprision.com\/?p=137286"},"modified":"2025-12-30T19:38:47","modified_gmt":"2025-12-31T00:38:47","slug":"por-primera-vez-merida-contara-con-refugio-para-mujeres-en-situacion-de-calle","status":"publish","type":"post","link":"https:\/\/formalprision.com\/?p=137286","title":{"rendered":"Por primera vez M\u00e9rida contar\u00e1 con refugio para mujeres en situaci\u00f3n de calle"},"content":{"rendered":"\n<p>M\u00c9RIDA, Yucat\u00e1n.- El Ayuntamiento de M\u00e9rida, que encabeza la presidenta municipal Cecilia Patr\u00f3n Laviada, trabaja en el primer refugio temporal para mujeres en situaci\u00f3n de calle, en un acto de justicia social que busca ofrecer protecci\u00f3n, dignidad y esperanza a quienes m\u00e1s lo necesitan.<\/p>\n\n\n\n<p>\u201cDamos un paso importante en la protecci\u00f3n de nuestras mujeres m\u00e1s vulnerables. Este refugio, primero en su tipo en M\u00e9rida, es un espacio de esperanza y apoyo para quienes m\u00e1s lo necesitan por eso agradezco que los grandes proyectos siempre vengan de la mano de la sociedad civil, porque s\u00f3lo de esta manera, trabajando juntos, podremos seguir construyendo una M\u00e9rida m\u00e1s justa y segura para todas y todos\u201d, expres\u00f3 la alcaldesa.<\/p>\n\n\n\n<p>Este proyecto pionero se desarrolla a trav\u00e9s del DIF Municipal, en estrecha colaboraci\u00f3n con la asociaci\u00f3n Igualdad con Perspectiva A.C.<\/p>\n\n\n\n<p>El Ayuntamiento, previa aprobaci\u00f3n del Cabildo, otorgar\u00e1 en comodato un inmueble ubicado en la colonia Emiliano Zapata Sur III.<\/p>\n\n\n\n<p>La alcaldesa resalt\u00f3 que la colaboraci\u00f3n entre el gobierno municipal y las asociaciones civiles ha permitido implementar proyectos innovadores como este refugio que mejoran la calidad de vida de los habitantes de M\u00e9rida, a trav\u00e9s de programas de salud, educaci\u00f3n, asistencia social, cultura y recreaci\u00f3n, optimizando recursos y capacidades para beneficio de la comunidad.<\/p>\n\n\n\n<p>\u00abEste refugio es un s\u00edmbolo de la solidaridad y el compromiso de M\u00e9rida con las mujeres en situaci\u00f3n de calle, quienes enfrentan alto riesgo de violencia. Aqu\u00ed, cada mujer, adem\u00e1s de recibir atenci\u00f3n y protecci\u00f3n integral encontrar\u00e1 un lugar seguro y apoyo para reconstruir su vida\u201d, expres\u00f3.<\/p>\n\n\n\n<p>Actualmente, la Direcci\u00f3n de Obras P\u00fablicas del Ayuntamiento trabaja en la adecuaci\u00f3n de las instalaciones para dejarlas en \u00f3ptimas condiciones. Adem\u00e1s, en breve, se llevar\u00e1 a cabo la firma del convenio que brindar\u00e1 certeza jur\u00eddica a la asociaci\u00f3n que ser\u00e1 la responsable del uso de este lugar que se contempla inicie funciones a principios del a\u00f1o 2026.<\/p>\n\n\n\n<p>El predio tiene una superficie de 1 mil 379.48 metros cuadrados y se encuentra ubicado en la calle 141 n\u00famero 316, de la Colonia Emiliano Zapata Sur III. La asociaci\u00f3n civil Igualdad con Perspectiva se encargar\u00e1 del dise\u00f1o, construcci\u00f3n y operaci\u00f3n del proyecto, que tendr\u00e1 una capacidad de atenci\u00f3n para 30 mujeres.<\/p>\n\n\n\n<p>En este espacio de apoyo y transformaci\u00f3n, las mujeres en situaci\u00f3n de vulnerabilidad podr\u00e1n desarrollar competencias socio emocionales, psicol\u00f3gicas y sociales, con el objetivo de superar problem\u00e1ticas de salud mental, adicciones y situaci\u00f3n de calle, y reconstruir su vida con nuevas oportunidades y un futuro m\u00e1s prometedor.<\/p>\n\n\n\n<p>El esquema de este albergue ser\u00e1 similar al del centro El Buen Samaritano, que opera con acceso abierto. Las usuarias podr\u00e1n llegar por las noches para cenar, ba\u00f1arse, cambiarse de ropa y dormir, y al d\u00eda siguiente tendr\u00e1n la opci\u00f3n de regresar a sus actividades diarias o continuar con su proceso de rehabilitaci\u00f3n.<\/p>\n\n\n\n<p>En lo que respecta a la atenci\u00f3n de hombres en situaci\u00f3n de calle, la asociaci\u00f3n El Buen Samaritano se encarga de ofrecerles alojamiento y alimentaci\u00f3n nocturna. Por otro lado, la Asociaci\u00f3n Arca de No\u00e9 proporciona espacios y servicios de apoyo a personas que luchan contra las adicciones.<\/p>\n","protected":false},"excerpt":{"rendered":"<p>M\u00c9RIDA, Yucat\u00e1n.- El Ayuntamiento de M\u00e9rida, que encabeza la presidenta municipal Cecilia Patr\u00f3n Laviada, trabaja en el primer refugio temporal para mujeres en situaci\u00f3n de calle, en un acto de<\/p>\n","protected":false},"author":2,"featured_media":137288,"comment_status":"open","ping_status":"open","sticky":false,"template":"","format":"standard","meta":{"jetpack_post_was_ever_published":false,"_jetpack_newsletter_access":"","_jetpack_dont_email_post_to_subs":false,"_jetpack_newsletter_tier_id":0,"_jetpack_memberships_contains_paywalled_content":false,"_jetpack_memberships_contains_paid_content":false,"footnotes":"","jetpack_publicize_message":"","jetpack_publicize_feature_enabled":true,"jetpack_social_post_already_shared":true,"jetpack_social_options":{"image_generator_settings":{"template":"highway","default_image_id":0,"font":"","enabled":false},"version":2}},"categories":[14],"tags":[],"class_list":["post-137286","post","type-post","status-publish","format-standard","has-post-thumbnail","hentry","category-merida"],"jetpack_publicize_connections":[],"jetpack_featured_media_url":"https:\/\/formalprision.com\/wp-content\/uploads\/2025\/12\/WhatsApp-Image-2025-12-29-at-5.17.56-PM.jpeg","jetpack_sharing_enabled":true,"jetpack_shortlink":"https:\/\/wp.me\/p6id8p-zIi","_links":{"self":[{"href":"https:\/\/formalprision.com\/index.php?rest_route=\/wp\/v2\/posts\/137286","targetHints":{"allow":["GET"]}}],"collection":[{"href":"https:\/\/formalprision.com\/index.php?rest_route=\/wp\/v2\/posts"}],"about":[{"href":"https:\/\/formalprision.com\/index.php?rest_route=\/wp\/v2\/types\/post"}],"author":[{"embeddable":true,"href":"https:\/\/formalprision.com\/index.php?rest_route=\/wp\/v2\/users\/2"}],"replies":[{"embeddable":true,"href":"https:\/\/formalprision.com\/index.php?rest_route=%2Fwp%2Fv2%2Fcomments&post=137286"}],"version-history":[{"count":1,"href":"https:\/\/formalprision.com\/index.php?rest_route=\/wp\/v2\/posts\/137286\/revisions"}],"predecessor-version":[{"id":137287,"href":"https:\/\/formalprision.com\/index.php?rest_route=\/wp\/v2\/posts\/137286\/revisions\/137287"}],"wp:featuredmedia":[{"embeddable":true,"href":"https:\/\/formalprision.com\/index.php?rest_route=\/wp\/v2\/media\/137288"}],"wp:attachment":[{"href":"https:\/\/formalprision.com\/index.php?rest_route=%2Fwp%2Fv2%2Fmedia&parent=137286"}],"wp:term":[{"taxonomy":"category","embeddable":true,"href":"https:\/\/formalprision.com\/index.php?rest_route=%2Fwp%2Fv2%2Fcategories&post=137286"},{"taxonomy":"post_tag","embeddable":true,"href":"https:\/\/formalprision.com\/index.php?rest_route=%2Fwp%2Fv2%2Ftags&post=137286"}],"curies":[{"name":"wp","href":"https:\/\/api.w.org\/{rel}","templated":true}]}}