{"id":137292,"date":"2025-12-29T22:34:20","date_gmt":"2025-12-30T03:34:20","guid":{"rendered":"https:\/\/formalprision.com\/?p=137292"},"modified":"2025-12-30T19:38:10","modified_gmt":"2025-12-31T00:38:10","slug":"inicia-construccion-de-centro-pilares-renacimiento-maya-en-el-sur-de-merida","status":"publish","type":"post","link":"https:\/\/formalprision.com\/?p=137292","title":{"rendered":"Inicia construcci\u00f3n de Centro Pilares Renacimiento Maya en el sur de M\u00e9rida"},"content":{"rendered":"\n<p>M\u00e9rida, Yucat\u00e1n, a 29 de diciembre de 2025.-El gobernador Joaqu\u00edn D\u00edaz Mena dio inicio a la construcci\u00f3n del primer Centro Pilares Renacimiento Maya, en el sur de M\u00e9rida, espacio que contribuir\u00e1 a atender las causas de la desigualdad, fortalecer el tejido social y ofrecer alternativas reales a quienes m\u00e1s lo necesitan, a trav\u00e9s de la capacitaci\u00f3n, el deporte, la cultura y el arte, y en el que se invierten 88 millones de pesos,<br>\u00a0<br>Asentado en el Parque Ecol\u00f3gico Metropolitano del Sur Yumtsil, este espacio convertir\u00e1 a Yucat\u00e1n en el primer estado en adaptar a la realidad local, con identidad maya, respeto a su cultura y visi\u00f3n de futuro.<br>\u00a0<br>El mandatario estatal coloc\u00f3 la primera piedra de esta obra, la cual abrir\u00e1 sus puertas el pr\u00f3ximo a\u00f1o. Inicia en el sur de M\u00e9rida, pero pr\u00f3ximamente comenzar\u00e1 tambi\u00e9n en los municipios de Izamal y Temoz\u00f3n.<br>\u00a0<br>En ese contexto, el mandatario estatal indic\u00f3 que Pilares significa puntos de innovaci\u00f3n, libertad, arte, educaci\u00f3n y saberes, por lo que con este inicio de obra comienza este proyecto de su administraci\u00f3n, que contempla la construcci\u00f3n de otros centros en M\u00e9rida y al menos en 35 municipios.<br>\u00a0<br>Tambi\u00e9n se\u00f1al\u00f3 que el Parque Ecol\u00f3gico Metropolitano Yumtsil es un pulm\u00f3n verde de M\u00e9rida que durante mucho tiempo ha sido visto como un terreno olvidado y con un enorme potencial desaprovechado, pero que este d\u00eda se pone al servicio del pueblo y se transforma en el coraz\u00f3n de un proyecto que une medio ambiente, comunidad y justicia social.<br>\u00a0<br>Finalmente, D\u00edaz Mena reiter\u00f3 que su gobierno busca alejar a las ni\u00f1as, los ni\u00f1os y los j\u00f3venes de los vicios y las drogas con espacios como este y con alternativas que llenen su mente, su coraz\u00f3n y su tiempo, demostrando que el Renacimiento no es una promesa, sino una acci\u00f3n que se concreta con obras como esta. \u00abHoy estamos cumpliendo el compromiso de acabar con las desigualdades y poner primero a quienes siempre fueron los \u00faltimos\u00bb, sostuvo.<\/p>\n\n\n\n<p>Los Pilares Renacimiento Maya ser\u00e1n espacios dise\u00f1ados para transformar la vida de las comunidades, ya que ser\u00e1n un centro de bienestar integral donde se brindar\u00e1 atenci\u00f3n social y psicol\u00f3gica, educaci\u00f3n digital, actividades deportivas y talleres de arte, m\u00fasica y oficios, los cuales tendr\u00e1n el reconocimiento y validaci\u00f3n de la Segey.<br>\u00a0<br>Tambi\u00e9n se ofrecer\u00e1n alternativas y servicios de cuidado para ni\u00f1as y ni\u00f1os, personas adultas mayores y personas con discapacidad. (Comunicado de Prensa)<\/p>\n","protected":false},"excerpt":{"rendered":"<p>M\u00e9rida, Yucat\u00e1n, a 29 de diciembre de 2025.-El gobernador Joaqu\u00edn D\u00edaz Mena dio inicio a la construcci\u00f3n del primer Centro Pilares Renacimiento Maya, en el sur de M\u00e9rida, espacio que<\/p>\n","protected":false},"author":1,"featured_media":137293,"comment_status":"open","ping_status":"open","sticky":false,"template":"","format":"standard","meta":{"jetpack_post_was_ever_published":false,"_jetpack_newsletter_access":"","_jetpack_dont_email_post_to_subs":false,"_jetpack_newsletter_tier_id":0,"_jetpack_memberships_contains_paywalled_content":false,"_jetpack_memberships_contains_paid_content":false,"footnotes":"","jetpack_publicize_message":"","jetpack_publicize_feature_enabled":true,"jetpack_social_post_already_shared":true,"jetpack_social_options":{"image_generator_settings":{"template":"highway","default_image_id":0,"font":"","enabled":false},"version":2}},"categories":[14],"tags":[],"class_list":["post-137292","post","type-post","status-publish","format-standard","has-post-thumbnail","hentry","category-merida"],"jetpack_publicize_connections":[],"jetpack_featured_media_url":"https:\/\/formalprision.com\/wp-content\/uploads\/2025\/12\/IMG-20251229-WA0081.jpg","jetpack_sharing_enabled":true,"jetpack_shortlink":"https:\/\/wp.me\/p6id8p-zIo","_links":{"self":[{"href":"https:\/\/formalprision.com\/index.php?rest_route=\/wp\/v2\/posts\/137292","targetHints":{"allow":["GET"]}}],"collection":[{"href":"https:\/\/formalprision.com\/index.php?rest_route=\/wp\/v2\/posts"}],"about":[{"href":"https:\/\/formalprision.com\/index.php?rest_route=\/wp\/v2\/types\/post"}],"author":[{"embeddable":true,"href":"https:\/\/formalprision.com\/index.php?rest_route=\/wp\/v2\/users\/1"}],"replies":[{"embeddable":true,"href":"https:\/\/formalprision.com\/index.php?rest_route=%2Fwp%2Fv2%2Fcomments&post=137292"}],"version-history":[{"count":1,"href":"https:\/\/formalprision.com\/index.php?rest_route=\/wp\/v2\/posts\/137292\/revisions"}],"predecessor-version":[{"id":137294,"href":"https:\/\/formalprision.com\/index.php?rest_route=\/wp\/v2\/posts\/137292\/revisions\/137294"}],"wp:featuredmedia":[{"embeddable":true,"href":"https:\/\/formalprision.com\/index.php?rest_route=\/wp\/v2\/media\/137293"}],"wp:attachment":[{"href":"https:\/\/formalprision.com\/index.php?rest_route=%2Fwp%2Fv2%2Fmedia&parent=137292"}],"wp:term":[{"taxonomy":"category","embeddable":true,"href":"https:\/\/formalprision.com\/index.php?rest_route=%2Fwp%2Fv2%2Fcategories&post=137292"},{"taxonomy":"post_tag","embeddable":true,"href":"https:\/\/formalprision.com\/index.php?rest_route=%2Fwp%2Fv2%2Ftags&post=137292"}],"curies":[{"name":"wp","href":"https:\/\/api.w.org\/{rel}","templated":true}]}}