{"id":137308,"date":"2025-12-30T18:43:51","date_gmt":"2025-12-30T23:43:51","guid":{"rendered":"https:\/\/formalprision.com\/?p=137308"},"modified":"2026-01-01T09:48:13","modified_gmt":"2026-01-01T14:48:13","slug":"el-ayuntamiento-de-merida-invita-a-donar-para-proteger-el-futuro-de-la-reserva-cuxtal","status":"publish","type":"post","link":"https:\/\/formalprision.com\/?p=137308","title":{"rendered":"El Ayuntamiento de M\u00e9rida invita a donar para proteger el futuro de la Reserva Cuxtal"},"content":{"rendered":"\n<p>M\u00c9RIDA, Yucat\u00e1n.- Con el objetivo de fortalecer la protecci\u00f3n de la Reserva Ecol\u00f3gica Cuxtal, el Ayuntamiento invita a unirse a una iniciativa que permitir\u00e1 a la ciudadan\u00eda contribuir directamente a la preservaci\u00f3n de la principal fuente de agua, ox\u00edgeno y hogar de cientos de especies de M\u00e9rida, mediante una donaci\u00f3n voluntaria junto con el pago del predial.<\/p>\n\n\n\n<p>Los meridanos tendr\u00e1n la opci\u00f3n de agregar una contribuci\u00f3n, a partir de 20 pesos, que se destinar\u00e1n a acciones de conservaci\u00f3n, protecci\u00f3n de la biodiversidad y cuidado del agua de la Reserva Ecol\u00f3gica Cuxtal, \u00e1rea natural protegida fundamental para el equilibrio ambiental y el bienestar de M\u00e9rida.<\/p>\n\n\n\n<p>La Reserva Cuxtal cumple un papel clave en la captaci\u00f3n de agua, la mitigaci\u00f3n del cambio clim\u00e1tico y la conservaci\u00f3n de flora y fauna nativa, por lo que la participaci\u00f3n ciudadana resulta esencial para garantizar su protecci\u00f3n para las futuras generaciones.<\/p>\n\n\n\n<p>El pago del predial puede realizarse de manera presencial o en l\u00ednea, facilitando que m\u00e1s personas se sumen a esta causa ambiental mientras aprovechan los descuentos vigentes por pronto pago, que ser\u00e1n de 30 por ciento del 1 al 15 de enero, 25 por ciento del 16 al 31 de enero, 15 por ciento del 1 al 15 de febrero, el 12 por ciento del 16 al 28 de febrero y 8 por ciento del 1 al 31 de marzo.<\/p>\n\n\n\n<p>El recurso recaudado por donativos ser\u00e1 destinado al Fondo Verde del Organismo P\u00fablico Municipal Descentralizado de Operaci\u00f3n y Administraci\u00f3n de la Zona Sujeta a Conservaci\u00f3n Ecol\u00f3gica Reserva Cuxtal, para apoyar programas ambientales dirigidos a infancias, juventudes y personas adultas, as\u00ed como a la producci\u00f3n de plantas, el fortalecimiento de productores locales y el monitoreo de la biodiversidad.<\/p>\n\n\n\n<p>Con esta acci\u00f3n, el Ayuntamiento de M\u00e9rida refrenda su compromiso con el desarrollo sostenible y hace un llamado a la corresponsabilidad social, recordando que cada aportaci\u00f3n cuenta para conservar el patrimonio natural de las y los meridanos.<\/p>\n\n\n\n<p>Pagar el predial es cumplir, donar es cuidar y sumar es proteger el futuro de la Reserva Cuxtal.<\/p>\n","protected":false},"excerpt":{"rendered":"<p>M\u00c9RIDA, Yucat\u00e1n.- Con el objetivo de fortalecer la protecci\u00f3n de la Reserva Ecol\u00f3gica Cuxtal, el Ayuntamiento invita a unirse a una iniciativa que permitir\u00e1 a la ciudadan\u00eda contribuir directamente a<\/p>\n","protected":false},"author":2,"featured_media":137310,"comment_status":"open","ping_status":"open","sticky":false,"template":"","format":"standard","meta":{"jetpack_post_was_ever_published":false,"_jetpack_newsletter_access":"","_jetpack_dont_email_post_to_subs":false,"_jetpack_newsletter_tier_id":0,"_jetpack_memberships_contains_paywalled_content":false,"_jetpack_memberships_contains_paid_content":false,"footnotes":"","jetpack_publicize_message":"","jetpack_publicize_feature_enabled":true,"jetpack_social_post_already_shared":true,"jetpack_social_options":{"image_generator_settings":{"template":"highway","default_image_id":0,"font":"","enabled":false},"version":2}},"categories":[54],"tags":[],"class_list":["post-137308","post","type-post","status-publish","format-standard","has-post-thumbnail","hentry","category-yucatan"],"jetpack_publicize_connections":[],"jetpack_featured_media_url":"https:\/\/formalprision.com\/wp-content\/uploads\/2025\/12\/WhatsApp-Image-2025-12-30-at-3.49.51-PM.jpeg","jetpack_sharing_enabled":true,"jetpack_shortlink":"https:\/\/wp.me\/p6id8p-zIE","_links":{"self":[{"href":"https:\/\/formalprision.com\/index.php?rest_route=\/wp\/v2\/posts\/137308","targetHints":{"allow":["GET"]}}],"collection":[{"href":"https:\/\/formalprision.com\/index.php?rest_route=\/wp\/v2\/posts"}],"about":[{"href":"https:\/\/formalprision.com\/index.php?rest_route=\/wp\/v2\/types\/post"}],"author":[{"embeddable":true,"href":"https:\/\/formalprision.com\/index.php?rest_route=\/wp\/v2\/users\/2"}],"replies":[{"embeddable":true,"href":"https:\/\/formalprision.com\/index.php?rest_route=%2Fwp%2Fv2%2Fcomments&post=137308"}],"version-history":[{"count":1,"href":"https:\/\/formalprision.com\/index.php?rest_route=\/wp\/v2\/posts\/137308\/revisions"}],"predecessor-version":[{"id":137309,"href":"https:\/\/formalprision.com\/index.php?rest_route=\/wp\/v2\/posts\/137308\/revisions\/137309"}],"wp:featuredmedia":[{"embeddable":true,"href":"https:\/\/formalprision.com\/index.php?rest_route=\/wp\/v2\/media\/137310"}],"wp:attachment":[{"href":"https:\/\/formalprision.com\/index.php?rest_route=%2Fwp%2Fv2%2Fmedia&parent=137308"}],"wp:term":[{"taxonomy":"category","embeddable":true,"href":"https:\/\/formalprision.com\/index.php?rest_route=%2Fwp%2Fv2%2Fcategories&post=137308"},{"taxonomy":"post_tag","embeddable":true,"href":"https:\/\/formalprision.com\/index.php?rest_route=%2Fwp%2Fv2%2Ftags&post=137308"}],"curies":[{"name":"wp","href":"https:\/\/api.w.org\/{rel}","templated":true}]}}