{"id":137311,"date":"2025-12-30T19:25:11","date_gmt":"2025-12-31T00:25:11","guid":{"rendered":"https:\/\/formalprision.com\/?p=137311"},"modified":"2026-01-01T09:47:59","modified_gmt":"2026-01-01T14:47:59","slug":"variedad-de-ritmos-musicales-haran-vibrar-el-merida-fest-2026","status":"publish","type":"post","link":"https:\/\/formalprision.com\/?p=137311","title":{"rendered":"Variedad de ritmos musicales har\u00e1n vibrar el M\u00e9rida Fest 2026"},"content":{"rendered":"\n<p>M\u00c9RIDA, Yucat\u00e1n.- La m\u00fasica acompa\u00f1ar\u00e1 el M\u00e9rida Fest 2026 con una variedad de ritmos musicales que ser\u00e1n la clave para disfrutar desde m\u00fasica concebida para las infancias, trova yucateca, \u00f3pera, ritmos latinos, caribe\u00f1os, electr\u00f3nica, sinfonietas y proyectos en lenguaje maya.<\/p>\n\n\n\n<p>Claudia Chapa Cort\u00e9s, subdirectora de Cultura, encabez\u00f3 hoy el encuentro con los medios de comunicaci\u00f3n el Sal\u00f3n de los Retratos del Centro Cultural Olimpo, destacando la calidad, el talento local y una programaci\u00f3n descentralizada con proyectos que del 5 al 18 de enero llenar\u00e1n de m\u00fasica la ciudad, en espacios p\u00fablicos, centros culturales y comisar\u00edas.<\/p>\n\n\n\n<p>La Orquesta de C\u00e1mara, dirigida por Russell Monta\u00f1ez Coronado, tendr\u00e1 varias participaciones para celebrar el 484 aniversario de la ciudad, comenzando con la m\u00fasica de la Misa Solemne de aniversario de la ciudad, acompa\u00f1ada del Coro de la Ciudad, bajo la direcci\u00f3n de Nidia G\u00f3ngora Cervera, el 6 de enero, a las 8 de la ma\u00f1ana en la S.I. Catedral. Como solista invitado har\u00e1 su primera presentaci\u00f3n Santiago Sol\u00eds, de 14 a\u00f1os, integrante del Coro del Centro Municipal de M\u00fasica.<\/p>\n\n\n\n<p>El segundo programa ser\u00e1 el 7 de enero con el \u201cConcierto para una Tierra Viva\u201d, presentando la Sinfonieta Acad\u00e9mica de M\u00e9rida, conformada por la Orquesta Municipal y la Orquesta T\u00edpica de la UADY, que reunir\u00e1 a 55 personas en escena. \u201cSer\u00e1 un rescate de las m\u00e1s ic\u00f3nicas y grandes jaranas de todos los tiempos\u201d.<\/p>\n\n\n\n<p>Russell Monta\u00f1ez agradeci\u00f3 la confianza y el apoyo de las instituciones que hicieron sinergia para concertar el proyecto que incluir\u00e1 17 jaranas, para escuchar de manera sinf\u00f3nica, con letras y el acompa\u00f1amiento de la solista Geny Cruz.<\/p>\n\n\n\n<p>La Orquesta de C\u00e1mara y el Coro de la Ciudad estar\u00e1n presentes tambi\u00e9n en la presentaci\u00f3n del libro \u201c100 Joyas del Arte Sacro de la Pen\u00ednsula de Yucat\u00e1n\u201d, del Diario de Yucat\u00e1n, el 8 de enero en la Iglesia El Jes\u00fas (Tercera Orden).<\/p>\n\n\n\n<p>El \u00faltimo proyecto del conjunto orquestal ser\u00e1 al lado de la Banda Musiek con \u201cSinfon\u00eda Disco. Atrapados en los 70 y 80 (del cassette al atri\u00f1a con ecos del vinilo), el 15 de enero, en el remate del Paseo de Montejo.<\/p>\n\n\n\n<p>Andrea Guti\u00e9rrez, representando al proyecto \u201cGianni Schicchi\u201d, expuso que se trata de una comedia en un acto, parte del \u201cTr\u00edptico\u201d de Giacomo Puccini y busca acercar a la gente al g\u00e9nero oper\u00edstico con situaciones humanas comunes. \u201cCon este proyecto le apostamos al arte y a la cultura, que no son lujos, sino los cimientos con los cuales se construye una sociedad m\u00e1s sana y emp\u00e1tica\u201d.<\/p>\n\n\n\n<p>La \u00f3pera se estrenar\u00e1 el 9 de enero en el Centro Cultural Olimpo.<\/p>\n\n\n\n<p>El int\u00e9rprete yucateco Jes\u00fas Armando invit\u00f3 al concierto inaugural del festival, el 6 de enero en la Plaza Grande, en el que estar\u00e1 acompa\u00f1ado de figuras como Mar\u00eda Teresa, Maril\u00fa Basulto y Eduardo V\u00e1zquez en \u201cCon los brazos abiertos. M\u00fasica para el mundo\u201d, bajo la direcci\u00f3n de Pedro Carlos Herrera. Adelant\u00f3 que ser\u00e1n ocho m\u00fasicos en escena, el ballet folcl\u00f3rico Alma de M\u00e9xico, se proyectar\u00e1n v\u00eddeos e interpretar\u00e1n canciones de Per\u00fa, Espa\u00f1a, Puerto Rico, Chile, Argentina, Estados Unidos y M\u00e9xico, \u201cuna forma de decir que aqu\u00ed en M\u00e9rida, todo el mundo es bienvenido\u201d.<\/p>\n\n\n\n<p>La oferta musical del M\u00e9rida Fest 2026 incluir\u00e1 28 proyectos musicales con 36 presentaciones, pensadas para todas las edades, como \u201cManzanero regresa a casa\u201d, \u201cTerritorio Vivo\u201d, \u201cM\u00e9xico y Cuba. Dos Almas, una Trova\u201d, \u201cMeriDanSo\u00f1ando\u201d , \u201cBaterimba\u201d, \u201cOrquesta Cubateca\u201d , \u201cXe\u2019ek\u201d, y el concierto estelar de \u201cReik\u201d, entre otros.<\/p>\n\n\n\n<p>En www.merida.gob.mx\/meridafest\/ se puede consultar el programa completo de actividades, todas tendr\u00e1n acceso libre.<\/p>\n","protected":false},"excerpt":{"rendered":"<p>M\u00c9RIDA, Yucat\u00e1n.- La m\u00fasica acompa\u00f1ar\u00e1 el M\u00e9rida Fest 2026 con una variedad de ritmos musicales que ser\u00e1n la clave para disfrutar desde m\u00fasica concebida para las infancias, trova yucateca, \u00f3pera,<\/p>\n","protected":false},"author":2,"featured_media":137313,"comment_status":"open","ping_status":"open","sticky":false,"template":"","format":"standard","meta":{"jetpack_post_was_ever_published":false,"_jetpack_newsletter_access":"","_jetpack_dont_email_post_to_subs":false,"_jetpack_newsletter_tier_id":0,"_jetpack_memberships_contains_paywalled_content":false,"_jetpack_memberships_contains_paid_content":false,"footnotes":"","jetpack_publicize_message":"","jetpack_publicize_feature_enabled":true,"jetpack_social_post_already_shared":true,"jetpack_social_options":{"image_generator_settings":{"template":"highway","default_image_id":0,"font":"","enabled":false},"version":2}},"categories":[14],"tags":[],"class_list":["post-137311","post","type-post","status-publish","format-standard","has-post-thumbnail","hentry","category-merida"],"jetpack_publicize_connections":[],"jetpack_featured_media_url":"https:\/\/formalprision.com\/wp-content\/uploads\/2025\/12\/WhatsApp-Image-2025-12-30-at-6.07.04-PM.jpeg","jetpack_sharing_enabled":true,"jetpack_shortlink":"https:\/\/wp.me\/p6id8p-zIH","_links":{"self":[{"href":"https:\/\/formalprision.com\/index.php?rest_route=\/wp\/v2\/posts\/137311","targetHints":{"allow":["GET"]}}],"collection":[{"href":"https:\/\/formalprision.com\/index.php?rest_route=\/wp\/v2\/posts"}],"about":[{"href":"https:\/\/formalprision.com\/index.php?rest_route=\/wp\/v2\/types\/post"}],"author":[{"embeddable":true,"href":"https:\/\/formalprision.com\/index.php?rest_route=\/wp\/v2\/users\/2"}],"replies":[{"embeddable":true,"href":"https:\/\/formalprision.com\/index.php?rest_route=%2Fwp%2Fv2%2Fcomments&post=137311"}],"version-history":[{"count":1,"href":"https:\/\/formalprision.com\/index.php?rest_route=\/wp\/v2\/posts\/137311\/revisions"}],"predecessor-version":[{"id":137312,"href":"https:\/\/formalprision.com\/index.php?rest_route=\/wp\/v2\/posts\/137311\/revisions\/137312"}],"wp:featuredmedia":[{"embeddable":true,"href":"https:\/\/formalprision.com\/index.php?rest_route=\/wp\/v2\/media\/137313"}],"wp:attachment":[{"href":"https:\/\/formalprision.com\/index.php?rest_route=%2Fwp%2Fv2%2Fmedia&parent=137311"}],"wp:term":[{"taxonomy":"category","embeddable":true,"href":"https:\/\/formalprision.com\/index.php?rest_route=%2Fwp%2Fv2%2Fcategories&post=137311"},{"taxonomy":"post_tag","embeddable":true,"href":"https:\/\/formalprision.com\/index.php?rest_route=%2Fwp%2Fv2%2Ftags&post=137311"}],"curies":[{"name":"wp","href":"https:\/\/api.w.org\/{rel}","templated":true}]}}