{"id":137317,"date":"2025-12-30T23:14:00","date_gmt":"2025-12-31T04:14:00","guid":{"rendered":"https:\/\/formalprision.com\/?p=137317"},"modified":"2026-01-01T09:47:42","modified_gmt":"2026-01-01T14:47:42","slug":"sociedad-valiente-45-dias-de-labor-y-resultados","status":"publish","type":"post","link":"https:\/\/formalprision.com\/?p=137317","title":{"rendered":"Sociedad Valiente: 45 d\u00edas de labor y resultados"},"content":{"rendered":"\n<p>M\u00c9RIDA, Yucat\u00e1n. &#8211; En apenas 45 d\u00edas de actividades, el colectivo Sociedad Valiente  ha logrado consolidar una presencia territorial activa y generar resultados concretos a trav\u00e9s del trabajo directo con comunidades, colonias y comisar\u00edas, desde el inicio de su activismo el pasado 17 de noviembre.<\/p>\n\n\n\n<p>Este grupo ciudadano est\u00e1 enfocado en la atenci\u00f3n social, la gesti\u00f3n comunitaria y el impulso al desarrollo econ\u00f3mico local, bajo la coordinaci\u00f3n de Sergio Vadillo Lora. Su estrategia se basa en el contacto permanente con la ciudadan\u00eda, la vinculaci\u00f3n con sectores productivos y la colaboraci\u00f3n con organizaciones sociales.<\/p>\n\n\n\n<p>Como parte de su agenda de trabajo, se realizaron 47 visitas a comisar\u00edas mediante caravanas de atenci\u00f3n ciudadana, con el objetivo de escuchar de primera mano las necesidades prioritarias, brindar orientaci\u00f3n y canalizar gestiones ante las instancias correspondientes.<\/p>\n\n\n\n<p>En el \u00e1mbito del fortalecimiento econ\u00f3mico, 32 empresarios se han sumado al proyecto, aportando recursos y colaboraci\u00f3n para respaldar iniciativas orientadas al desarrollo local y comunitario.<\/p>\n\n\n\n<p>De igual forma, se visitaron 29 colonias, donde se sostuvieron encuentros con l\u00edderes sociales que permitieron establecer esquemas de di\u00e1logo, coordinaci\u00f3n y seguimiento a problem\u00e1ticas espec\u00edficas de cada zona.<\/p>\n\n\n\n<p>Como resultado de este trabajo, se concretaron ocho acciones concluidas en beneficio de grupos civiles organizados, enfocadas en fortalecer su desarrollo econ\u00f3mico y social. Adicionalmente, se han atendido y resuelto diversas gestiones comunitarias, dando respuesta directa a solicitudes ciudadanas.<\/p>\n\n\n\n<p>Al respecto, Sergio Vadillo Lora se\u00f1al\u00f3:<br>\u201cEsto no es un discurso, es trabajo en territorio. En 45 d\u00edas hemos demostrado que la organizaci\u00f3n ciudadana puede dar resultados cuando se escucha, se gestiona y se cumple. Vamos a seguir recorriendo comunidades y colonias, construyendo soluciones con la gente y para la gente\u201d.Sociedad Valiente refrenda su compromiso de continuar impulsando acciones que fortalezcan la participaci\u00f3n ciudadana, la cohesi\u00f3n social y el desarrollo integral de las comunidades.<\/p>\n","protected":false},"excerpt":{"rendered":"<p>M\u00c9RIDA, Yucat\u00e1n. &#8211; En apenas 45 d\u00edas de actividades, el colectivo Sociedad Valiente ha logrado consolidar una presencia territorial activa y generar resultados concretos a trav\u00e9s del trabajo directo con<\/p>\n","protected":false},"author":1,"featured_media":137318,"comment_status":"open","ping_status":"open","sticky":false,"template":"","format":"standard","meta":{"jetpack_post_was_ever_published":false,"_jetpack_newsletter_access":"","_jetpack_dont_email_post_to_subs":false,"_jetpack_newsletter_tier_id":0,"_jetpack_memberships_contains_paywalled_content":false,"_jetpack_memberships_contains_paid_content":false,"footnotes":"","jetpack_publicize_message":"","jetpack_publicize_feature_enabled":true,"jetpack_social_post_already_shared":true,"jetpack_social_options":{"image_generator_settings":{"template":"highway","default_image_id":0,"font":"","enabled":false},"version":2}},"categories":[14],"tags":[],"class_list":["post-137317","post","type-post","status-publish","format-standard","has-post-thumbnail","hentry","category-merida"],"jetpack_publicize_connections":[],"jetpack_featured_media_url":"https:\/\/formalprision.com\/wp-content\/uploads\/2025\/12\/IMG_20251230_215926.jpg","jetpack_sharing_enabled":true,"jetpack_shortlink":"https:\/\/wp.me\/p6id8p-zIN","_links":{"self":[{"href":"https:\/\/formalprision.com\/index.php?rest_route=\/wp\/v2\/posts\/137317","targetHints":{"allow":["GET"]}}],"collection":[{"href":"https:\/\/formalprision.com\/index.php?rest_route=\/wp\/v2\/posts"}],"about":[{"href":"https:\/\/formalprision.com\/index.php?rest_route=\/wp\/v2\/types\/post"}],"author":[{"embeddable":true,"href":"https:\/\/formalprision.com\/index.php?rest_route=\/wp\/v2\/users\/1"}],"replies":[{"embeddable":true,"href":"https:\/\/formalprision.com\/index.php?rest_route=%2Fwp%2Fv2%2Fcomments&post=137317"}],"version-history":[{"count":1,"href":"https:\/\/formalprision.com\/index.php?rest_route=\/wp\/v2\/posts\/137317\/revisions"}],"predecessor-version":[{"id":137319,"href":"https:\/\/formalprision.com\/index.php?rest_route=\/wp\/v2\/posts\/137317\/revisions\/137319"}],"wp:featuredmedia":[{"embeddable":true,"href":"https:\/\/formalprision.com\/index.php?rest_route=\/wp\/v2\/media\/137318"}],"wp:attachment":[{"href":"https:\/\/formalprision.com\/index.php?rest_route=%2Fwp%2Fv2%2Fmedia&parent=137317"}],"wp:term":[{"taxonomy":"category","embeddable":true,"href":"https:\/\/formalprision.com\/index.php?rest_route=%2Fwp%2Fv2%2Fcategories&post=137317"},{"taxonomy":"post_tag","embeddable":true,"href":"https:\/\/formalprision.com\/index.php?rest_route=%2Fwp%2Fv2%2Ftags&post=137317"}],"curies":[{"name":"wp","href":"https:\/\/api.w.org\/{rel}","templated":true}]}}