{"id":137327,"date":"2025-12-31T09:34:15","date_gmt":"2025-12-31T14:34:15","guid":{"rendered":"https:\/\/formalprision.com\/?p=137327"},"modified":"2026-01-01T09:46:36","modified_gmt":"2026-01-01T14:46:36","slug":"amplian-seis-meses-el-reemplacamiento-en-yucatan-aunque-ya-sin-descuentos","status":"publish","type":"post","link":"https:\/\/formalprision.com\/?p=137327","title":{"rendered":"Ampl\u00edan seis meses el reemplacamiento en Yucat\u00e1n, aunque ya sin descuentos\u00a0"},"content":{"rendered":"\n<p>M\u00e9rida, Yucat\u00e1n, a 31 de diciembre de 2025-El gobernador Joaqu\u00edn D\u00edaz Mena anunci\u00f3 que se ampliar\u00e1 por seis meses el plazo del reemplacamiento vehicular en Yucat\u00e1n.<\/p>\n\n\n\n<p>Durante el primer semestre de 2026 se podr\u00e1 circular con placas anteriores sin infracciones; se respetar\u00e1n descuentos a quienes iniciaron su tr\u00e1mite o agendaron su cita en 2025.<\/p>\n\n\n\n<p>Sin embargo, el gobernador aclaro que que podr\u00e1n llevar a cabo el reemplacamiento en ese periodo, aunque ya sin los beneficios, por lo que deber\u00e1n cubrir el precio regular, conforme a los costos vigentes para 2026.<br>\u00a0<br>Explic\u00f3 que esta decisi\u00f3n responde al alto nivel de participaci\u00f3n ciudadana registrado durante el proceso de reemplacamiento 2025 y busca brindar un proceso ordenado y con certeza jur\u00eddica a quienes, por diversas razones, no pudieron completar el tr\u00e1mite dentro del plazo original. Precis\u00f3 que las personas que realizaron su registro en l\u00ednea durante 2025 conservar\u00e1n el esquema de descuentos, aun cuando concluyan el tr\u00e1mite en 2026.<br>\u00a0<br>Asimismo, se inform\u00f3 que los m\u00f3dulos de atenci\u00f3n de la Secretar\u00eda de Seguridad P\u00fablica (SSP) permanecer\u00e1n en operaci\u00f3n, a fin de seguir brindando facilidades a la ciudadan\u00eda durante este periodo extraordinario.<br>\u00a0<br>De igual forma, se record\u00f3 que el tr\u00e1mite puede realizarse en l\u00ednea en el sitio https:\/\/reemplacamiento.yucatan.gob.mx,<\/p>\n","protected":false},"excerpt":{"rendered":"<p>M\u00e9rida, Yucat\u00e1n, a 31 de diciembre de 2025-El gobernador Joaqu\u00edn D\u00edaz Mena anunci\u00f3 que se ampliar\u00e1 por seis meses el plazo del reemplacamiento vehicular en Yucat\u00e1n. Durante el primer semestre<\/p>\n","protected":false},"author":1,"featured_media":137328,"comment_status":"open","ping_status":"open","sticky":false,"template":"","format":"standard","meta":{"jetpack_post_was_ever_published":false,"_jetpack_newsletter_access":"","_jetpack_dont_email_post_to_subs":false,"_jetpack_newsletter_tier_id":0,"_jetpack_memberships_contains_paywalled_content":false,"_jetpack_memberships_contains_paid_content":false,"footnotes":"","jetpack_publicize_message":"","jetpack_publicize_feature_enabled":true,"jetpack_social_post_already_shared":true,"jetpack_social_options":{"image_generator_settings":{"template":"highway","default_image_id":0,"font":"","enabled":false},"version":2}},"categories":[54],"tags":[],"class_list":["post-137327","post","type-post","status-publish","format-standard","has-post-thumbnail","hentry","category-yucatan"],"jetpack_publicize_connections":[],"jetpack_featured_media_url":"https:\/\/formalprision.com\/wp-content\/uploads\/2025\/12\/IMG-20251231-WA0005.jpg","jetpack_sharing_enabled":true,"jetpack_shortlink":"https:\/\/wp.me\/p6id8p-zIX","_links":{"self":[{"href":"https:\/\/formalprision.com\/index.php?rest_route=\/wp\/v2\/posts\/137327","targetHints":{"allow":["GET"]}}],"collection":[{"href":"https:\/\/formalprision.com\/index.php?rest_route=\/wp\/v2\/posts"}],"about":[{"href":"https:\/\/formalprision.com\/index.php?rest_route=\/wp\/v2\/types\/post"}],"author":[{"embeddable":true,"href":"https:\/\/formalprision.com\/index.php?rest_route=\/wp\/v2\/users\/1"}],"replies":[{"embeddable":true,"href":"https:\/\/formalprision.com\/index.php?rest_route=%2Fwp%2Fv2%2Fcomments&post=137327"}],"version-history":[{"count":2,"href":"https:\/\/formalprision.com\/index.php?rest_route=\/wp\/v2\/posts\/137327\/revisions"}],"predecessor-version":[{"id":137330,"href":"https:\/\/formalprision.com\/index.php?rest_route=\/wp\/v2\/posts\/137327\/revisions\/137330"}],"wp:featuredmedia":[{"embeddable":true,"href":"https:\/\/formalprision.com\/index.php?rest_route=\/wp\/v2\/media\/137328"}],"wp:attachment":[{"href":"https:\/\/formalprision.com\/index.php?rest_route=%2Fwp%2Fv2%2Fmedia&parent=137327"}],"wp:term":[{"taxonomy":"category","embeddable":true,"href":"https:\/\/formalprision.com\/index.php?rest_route=%2Fwp%2Fv2%2Fcategories&post=137327"},{"taxonomy":"post_tag","embeddable":true,"href":"https:\/\/formalprision.com\/index.php?rest_route=%2Fwp%2Fv2%2Ftags&post=137327"}],"curies":[{"name":"wp","href":"https:\/\/api.w.org\/{rel}","templated":true}]}}