{"id":137341,"date":"2025-12-31T21:46:27","date_gmt":"2026-01-01T02:46:27","guid":{"rendered":"https:\/\/formalprision.com\/?p=137341"},"modified":"2025-12-31T21:46:27","modified_gmt":"2026-01-01T02:46:27","slug":"las-coloradas-recibe-domo-escolar-y-rehabilitacion-de-cancha","status":"publish","type":"post","link":"https:\/\/formalprision.com\/?p=137341","title":{"rendered":"Las Coloradas recibe domo escolar y rehabilitaci\u00f3n de cancha"},"content":{"rendered":"\n<p>R\u00edo Lagartos, Yucat\u00e1n, a 31 de diciembre de 2025.-En su gira de fin de a\u00f1o y como parte del cumplimiento de compromisos con la comunidad, el gobernador Joaqu\u00edn D\u00edaz Mena inaugur\u00f3 un domo y la rehabilitaci\u00f3n de la cancha en la telesecundaria \u201cMargarita Maza de Ju\u00e1rez\u201d, en Las Coloradas, con una inversi\u00f3n superior a 4.1 millones de pesos, destinada a mejorar las condiciones para el aprendizaje y la convivencia escolar.<br>\u00a0<br>Durante su intervenci\u00f3n, el mandatario record\u00f3 que en esta escuela inici\u00f3 su labor docente y que la construcci\u00f3n del domo era una demanda pendiente desde hace 28 a\u00f1os, la cual hoy se concreta para beneficio de la comunidad escolar.<br>\u00a0<br>\u201cEs una gran emoci\u00f3n estar en esta telesecundaria, porque me fui de aqu\u00ed ense\u00f1ando en un sal\u00f3n al inicio de mi vida profesional y hoy vuelvo con la enorme responsabilidad de seguir ense\u00f1ando, pero fuera de las aulas, con el ejemplo, con el trabajo honesto desde el Gobierno y con una vida que demuestre que la educaci\u00f3n s\u00ed transforma destinos\u201d, manifest\u00f3.<br>\u00a0<br>El gobernador expres\u00f3 su satisfacci\u00f3n por concretar esta obra y se\u00f1al\u00f3 que, junto con la presidenta municipal de R\u00edo Lagartos, Yese\u00f1a Osiris Lor\u00eda Marfil, se avanza en 30 acciones de vivienda, con una inversi\u00f3n de 4.8 millones de pesos, que registran 60 % de avance.<\/p>\n","protected":false},"excerpt":{"rendered":"<p>R\u00edo Lagartos, Yucat\u00e1n, a 31 de diciembre de 2025.-En su gira de fin de a\u00f1o y como parte del cumplimiento de compromisos con la comunidad, el gobernador Joaqu\u00edn D\u00edaz Mena<\/p>\n","protected":false},"author":1,"featured_media":137342,"comment_status":"open","ping_status":"open","sticky":false,"template":"","format":"standard","meta":{"jetpack_post_was_ever_published":false,"_jetpack_newsletter_access":"","_jetpack_dont_email_post_to_subs":false,"_jetpack_newsletter_tier_id":0,"_jetpack_memberships_contains_paywalled_content":false,"_jetpack_memberships_contains_paid_content":false,"footnotes":"","jetpack_publicize_message":"","jetpack_publicize_feature_enabled":true,"jetpack_social_post_already_shared":true,"jetpack_social_options":{"image_generator_settings":{"template":"highway","default_image_id":0,"font":"","enabled":false},"version":2}},"categories":[54],"tags":[],"class_list":["post-137341","post","type-post","status-publish","format-standard","has-post-thumbnail","hentry","category-yucatan"],"jetpack_publicize_connections":[],"jetpack_featured_media_url":"https:\/\/formalprision.com\/wp-content\/uploads\/2025\/12\/IMG-20251231-WA0143.jpg","jetpack_sharing_enabled":true,"jetpack_shortlink":"https:\/\/wp.me\/p6id8p-zJb","_links":{"self":[{"href":"https:\/\/formalprision.com\/index.php?rest_route=\/wp\/v2\/posts\/137341","targetHints":{"allow":["GET"]}}],"collection":[{"href":"https:\/\/formalprision.com\/index.php?rest_route=\/wp\/v2\/posts"}],"about":[{"href":"https:\/\/formalprision.com\/index.php?rest_route=\/wp\/v2\/types\/post"}],"author":[{"embeddable":true,"href":"https:\/\/formalprision.com\/index.php?rest_route=\/wp\/v2\/users\/1"}],"replies":[{"embeddable":true,"href":"https:\/\/formalprision.com\/index.php?rest_route=%2Fwp%2Fv2%2Fcomments&post=137341"}],"version-history":[{"count":1,"href":"https:\/\/formalprision.com\/index.php?rest_route=\/wp\/v2\/posts\/137341\/revisions"}],"predecessor-version":[{"id":137343,"href":"https:\/\/formalprision.com\/index.php?rest_route=\/wp\/v2\/posts\/137341\/revisions\/137343"}],"wp:featuredmedia":[{"embeddable":true,"href":"https:\/\/formalprision.com\/index.php?rest_route=\/wp\/v2\/media\/137342"}],"wp:attachment":[{"href":"https:\/\/formalprision.com\/index.php?rest_route=%2Fwp%2Fv2%2Fmedia&parent=137341"}],"wp:term":[{"taxonomy":"category","embeddable":true,"href":"https:\/\/formalprision.com\/index.php?rest_route=%2Fwp%2Fv2%2Fcategories&post=137341"},{"taxonomy":"post_tag","embeddable":true,"href":"https:\/\/formalprision.com\/index.php?rest_route=%2Fwp%2Fv2%2Ftags&post=137341"}],"curies":[{"name":"wp","href":"https:\/\/api.w.org\/{rel}","templated":true}]}}