{"id":137350,"date":"2026-01-01T10:07:26","date_gmt":"2026-01-01T15:07:26","guid":{"rendered":"https:\/\/formalprision.com\/?p=137350"},"modified":"2026-01-02T20:07:31","modified_gmt":"2026-01-03T01:07:31","slug":"matan-a-colombiano-por-ajustes-de-cuentas-entre-prestamistas","status":"publish","type":"post","link":"https:\/\/formalprision.com\/?p=137350","title":{"rendered":"Matan a colombiano por ajustes de cuentas entre prestamistas"},"content":{"rendered":"\n<p>PLAYA DEL CARMEN, Quintana Roo.- En lo que se perfila como un conflicto interno derivado del esquema de pr\u00e9stamos conocido como \u00abGota a Gota\u00bb, un hombre de origen colombiano fue blanco de un ataque armado la tarde de ayer mi\u00e9rcoles.<\/p>\n\n\n\n<p>Los hechos ocurrieron al interior de un establecimiento comercial ubicado en la intersecci\u00f3n de las avenidas Quetzal y CTM, en el fraccionamiento El Ed\u00e9n, colindante al fraccionamiento Villas Del Sol.<\/p>\n\n\n\n<p>La v\u00edctima, identificada como Brahian Estiven \u201cN\u00bb, de 28 a\u00f1os, fue sorprendida por agresores que dispararon en al menos tres ocasiones, logrando impactarlo en zonas vitales como el abdomen y una de las extremidades inferiores.<\/p>\n\n\n\n<p>Tras la agresi\u00f3n, los responsables huyeron de la escena, dejando al sujeto con lesiones de gravedad en el suelo del local.<\/p>\n\n\n\n<p>Elementos de seguridad y cuerpos de emergencia arribaron al sitio para brindar los primeros auxilios y trasladar al afectado de urgencia al hospital IMSS Bienestar, situado en la colonia Ejidal (anteriormente Hospital General). El estado de salud del ciudadano extranjero se reporta como cr\u00edtico debido a la severidad de los impactos recibidos.<\/p>\n\n\n\n<p>Las primeras l\u00edneas de investigaci\u00f3n apuntan a que el incidente obedece estrictamente a una pugna entre particulares dedicados a actividades de pr\u00e9stamos informales, confirmando el car\u00e1cter selectivo y directo de la violencia entre estos grupos delictivos.<\/p>\n","protected":false},"excerpt":{"rendered":"<p>PLAYA DEL CARMEN, Quintana Roo.- En lo que se perfila como un conflicto interno derivado del esquema de pr\u00e9stamos conocido como \u00abGota a Gota\u00bb, un hombre de origen colombiano fue<\/p>\n","protected":false},"author":2,"featured_media":137352,"comment_status":"open","ping_status":"open","sticky":false,"template":"","format":"standard","meta":{"jetpack_post_was_ever_published":false,"_jetpack_newsletter_access":"","_jetpack_dont_email_post_to_subs":false,"_jetpack_newsletter_tier_id":0,"_jetpack_memberships_contains_paywalled_content":false,"_jetpack_memberships_contains_paid_content":false,"footnotes":"","jetpack_publicize_message":"","jetpack_publicize_feature_enabled":true,"jetpack_social_post_already_shared":true,"jetpack_social_options":{"image_generator_settings":{"template":"highway","default_image_id":0,"font":"","enabled":false},"version":2}},"categories":[23,21],"tags":[],"class_list":["post-137350","post","type-post","status-publish","format-standard","has-post-thumbnail","hentry","category-del-mundo","category-nacionales"],"jetpack_publicize_connections":[],"jetpack_featured_media_url":"https:\/\/formalprision.com\/wp-content\/uploads\/2026\/01\/WhatsApp-Image-2026-01-01-at-8.27.18-AM.jpeg","jetpack_sharing_enabled":true,"jetpack_shortlink":"https:\/\/wp.me\/p6id8p-zJk","_links":{"self":[{"href":"https:\/\/formalprision.com\/index.php?rest_route=\/wp\/v2\/posts\/137350","targetHints":{"allow":["GET"]}}],"collection":[{"href":"https:\/\/formalprision.com\/index.php?rest_route=\/wp\/v2\/posts"}],"about":[{"href":"https:\/\/formalprision.com\/index.php?rest_route=\/wp\/v2\/types\/post"}],"author":[{"embeddable":true,"href":"https:\/\/formalprision.com\/index.php?rest_route=\/wp\/v2\/users\/2"}],"replies":[{"embeddable":true,"href":"https:\/\/formalprision.com\/index.php?rest_route=%2Fwp%2Fv2%2Fcomments&post=137350"}],"version-history":[{"count":1,"href":"https:\/\/formalprision.com\/index.php?rest_route=\/wp\/v2\/posts\/137350\/revisions"}],"predecessor-version":[{"id":137351,"href":"https:\/\/formalprision.com\/index.php?rest_route=\/wp\/v2\/posts\/137350\/revisions\/137351"}],"wp:featuredmedia":[{"embeddable":true,"href":"https:\/\/formalprision.com\/index.php?rest_route=\/wp\/v2\/media\/137352"}],"wp:attachment":[{"href":"https:\/\/formalprision.com\/index.php?rest_route=%2Fwp%2Fv2%2Fmedia&parent=137350"}],"wp:term":[{"taxonomy":"category","embeddable":true,"href":"https:\/\/formalprision.com\/index.php?rest_route=%2Fwp%2Fv2%2Fcategories&post=137350"},{"taxonomy":"post_tag","embeddable":true,"href":"https:\/\/formalprision.com\/index.php?rest_route=%2Fwp%2Fv2%2Ftags&post=137350"}],"curies":[{"name":"wp","href":"https:\/\/api.w.org\/{rel}","templated":true}]}}