{"id":137381,"date":"2026-01-02T19:49:48","date_gmt":"2026-01-03T00:49:48","guid":{"rendered":"https:\/\/formalprision.com\/?p=137381"},"modified":"2026-01-02T22:18:05","modified_gmt":"2026-01-03T03:18:05","slug":"la-inclusion-brillara-con-musica-teatro-moda-y-talento-en-el-merida-fest-2026","status":"publish","type":"post","link":"https:\/\/formalprision.com\/?p=137381","title":{"rendered":"La inclusi\u00f3n brillar\u00e1 con m\u00fasica, teatro, moda y talento en el M\u00e9rida Fest 2026"},"content":{"rendered":"\n<p>M\u00c9RIDA, Yucat\u00e1n.- Con obras de teatro, musicales y moda, el M\u00e9rida Fest 2026 abre sus puertas a la inclusi\u00f3n social de personas con discapacidad que compartir\u00e1n su talento art\u00edstico en la fiesta cultural que celebrar\u00e1 el 484 aniversario de la Ciudad, del 5 al 18 de enero.<\/p>\n\n\n\n<p>Ante representantes de los medios de comunicaci\u00f3n en las instalaciones del DIF Municipal, Karla Berr\u00f3n C\u00e1mara, directora de Identidad y Cultura, destac\u00f3 el trabajo colaborativo de las direcciones del Ayuntamiento para hacer posible el festival de la ciudad y aportar a la ciudadan\u00eda seguridad, alegr\u00eda e inclusi\u00f3n.<\/p>\n\n\n\n<p>Expuso que en busca de la descentralizaci\u00f3n y darle espacio a la identidad regional local, el M\u00e9rida Fest retomar\u00e1 las Tandas Regionales con 30 presentaciones que abarcar\u00e1n los cuatro puntos de la ciudad, colonias y parques, todo en un ambiente familiar.<\/p>\n\n\n\n<p>En las Tandas Regionales se contar\u00e1 con el talento del Ballet Jaguares Danzantes, Nuevo Sol y Kaambal, Los Chetos, los tr\u00edos Trovemia, Frenes\u00ed, Los henequenes, Madrigal, Jade, Gavilanes y la comicidad de La Bruja Cuchi Cuchi. Tambi\u00e9n habr\u00e1 baile popular y comedia regional en tu colonia con la Banda Ysrael y Dzereco y Nohoch.<\/p>\n\n\n\n<p>Las actividades del M\u00e9rida Fest llegar\u00e1n a las colonias Mercedes Barrera, Mulsay, Azcorra, Vergel II, Alem\u00e1n, Sambul\u00e1, Juan Pablo II, Ciudad Caucel, Francisco de Montejo y a las comisar\u00edas de Xcanat\u00fan y Molas.<\/p>\n\n\n\n<p>Durante el M\u00e9rida Fest, las actividades tradicionales de la Semana Meridana tendr\u00e1n programas especiales, como la Noche Mexicana, la Magna Vaquer\u00eda para celebrar los 50 a\u00f1os del Ballet Folcl\u00f3rico Titular del Ayuntamiento de M\u00e9rida, Remembranzas Musicales con Los Golden Years y la Serenata Yucateca en Santa Luc\u00eda, durante la cu\u00e1l se entregar\u00e1 la Medalla \u201cGuty C\u00e1rdenas\u201d al trovador Benjam\u00edn Escudero Beltr\u00e1n.<\/p>\n\n\n\n<p>Asimismo durante el programa Martes de Trova habr\u00e1 distinciones a los decanos de la trova y el Marat\u00f3n de Baile para disfrutar de un domingo especial, esto \u00faltimo el 18 de enero.<\/p>\n\n\n\n<p>M\u00e9rida es Ciudad del Aprendizaje por la Unesco y en ese marco se realizar\u00e1 durante el festival de la ciudad la jornada de juegos y aprendizajes para toda la familia \u201cDando y Dando\u201d.<\/p>\n\n\n\n<p>Gerardo Jes\u00fas L\u00f3pez Fern\u00e1ndez, director de Desarrollo Integral de la Familia (DIF Municipal), destac\u00f3 la importancia de que la inclusi\u00f3n abarque todos los aspectos de la vida, incluyendo a la cultura, el desarrollo integral y la calidad de las personas con discapacidad.<\/p>\n\n\n\n<p>En esta apertura, el M\u00e9rida Fest contar\u00e1 con talentos inclusivos en tres interdisciplinarias tituladas \u201cTalento e inclusi\u00f3n\u201d, el 7 de enero en el Teatro Armando Manzanero.<\/p>\n\n\n\n<p>Las presentaciones incluyen al Ballet Folcl\u00f3rico \u201cJaranas de la Pen\u00ednsula\u201d de la Casa de la Cultura M\u00e9rida, conformado con 19 integrantes de danza, acompa\u00f1ados de cuatro m\u00fasicos invitados y dos alumnos de piano, interpretando un repertorio con estampas de Campeche, Quintana Roo y Yucat\u00e1n.<\/p>\n\n\n\n<p>La Compa\u00f1\u00eda Art\u00edstica Inclusiva Ayelem presentar\u00e1 la obra original \u201cMi vida es un musical\u201d, inspirada en musicales, en la que participar\u00e1n 50 personas, cantantes invitados e int\u00e9rpretes de lengua de se\u00f1as mexicanas.<\/p>\n\n\n\n<p>El tercer espect\u00e1culo es la obra teatral \u201cEl Libro de la Ceiba\u201d, una puesta en escena en recuerdo a Dany, un alumno que form\u00f3 parte del Centro Ocupacional y Recreativo La Ceiba. En este espect\u00e1culo tomar\u00e1n parte 49 personas con discapacidad.<\/p>\n\n\n\n<p>En el mismo sentido de inclusi\u00f3n, por primera ocasi\u00f3n en el M\u00e9rida Fest se realizar\u00e1 \u201cFashion Week. Lo Hecho en M\u00e9xico Ball\u201d, una propuesta cultural que fusiona la riqueza de la moda mexicana y la celebraci\u00f3n de la diversidad, con el objetivo de posicionar a M\u00e9rida, Yucat\u00e1n como un epicentro tur\u00edstico y art\u00edstico para la comunidad LGBT+ a nivel nacional e internacional.<\/p>\n\n\n\n<p>Edgar Moo Montalvo, coordinador de Inclusi\u00f3n y Diversidad, en representaci\u00f3n de Arturo Le\u00f3n Itz\u00e1, director de Desarrollo Social y Combate a la Pobreza, explic\u00f3 que se trata de una competencia de la cultura Ballroom, que se realizar\u00e1 el 17 de enero en el Parque de la Paz, que incluir\u00e1 seis categor\u00edas.<\/p>\n\n\n\n<p>H\u00e9ctor Daniel Herrera Calder\u00f3n, integrante de Los Chetos, expres\u00f3 que la comedia es una de las manifestaciones esc\u00e9nicas m\u00e1s cercanas a la ciudadan\u00eda, y con una buena caracterizaci\u00f3n, chiste e ingenio se logra que el p\u00fablico se divierta de manera sana y en convivencia con la familia. \u201cLa mejor manera de apoyar al teatro es asistiendo a los eventos y en M\u00e9rida Fest tendremos eventos de primer nivel\u201d.<\/p>\n\n\n\n<p>En la presentaci\u00f3n del programa tambi\u00e9n estuvieron presentes Cristian Emanuel Torres Esp\u00ednola, Integrante del Tr\u00edo Trovemia; Aldo Pascual, \u201cLa bruja Cuchi Cuchi\u201d, integrantes de los grupos y talleres inclusivos del DIF Municipal y de tr\u00edos.<\/p>\n\n\n\n<p>En www.merida.gob.mx\/meridafest se puede consultar la cartelera completa de actividades y todas tendr\u00e1n entrada gratuita.<\/p>\n","protected":false},"excerpt":{"rendered":"<p>M\u00c9RIDA, Yucat\u00e1n.- Con obras de teatro, musicales y moda, el M\u00e9rida Fest 2026 abre sus puertas a la inclusi\u00f3n social de personas con discapacidad que compartir\u00e1n su talento art\u00edstico en<\/p>\n","protected":false},"author":2,"featured_media":137384,"comment_status":"open","ping_status":"open","sticky":false,"template":"","format":"standard","meta":{"jetpack_post_was_ever_published":false,"_jetpack_newsletter_access":"","_jetpack_dont_email_post_to_subs":false,"_jetpack_newsletter_tier_id":0,"_jetpack_memberships_contains_paywalled_content":false,"_jetpack_memberships_contains_paid_content":false,"footnotes":"","jetpack_publicize_message":"","jetpack_publicize_feature_enabled":true,"jetpack_social_post_already_shared":true,"jetpack_social_options":{"image_generator_settings":{"template":"highway","default_image_id":0,"font":"","enabled":false},"version":2}},"categories":[14],"tags":[],"class_list":["post-137381","post","type-post","status-publish","format-standard","has-post-thumbnail","hentry","category-merida"],"jetpack_publicize_connections":[],"jetpack_featured_media_url":"https:\/\/formalprision.com\/wp-content\/uploads\/2026\/01\/WhatsApp-Image-2026-01-02-at-5.09.52-PM.jpeg","jetpack_sharing_enabled":true,"jetpack_shortlink":"https:\/\/wp.me\/p6id8p-zJP","_links":{"self":[{"href":"https:\/\/formalprision.com\/index.php?rest_route=\/wp\/v2\/posts\/137381","targetHints":{"allow":["GET"]}}],"collection":[{"href":"https:\/\/formalprision.com\/index.php?rest_route=\/wp\/v2\/posts"}],"about":[{"href":"https:\/\/formalprision.com\/index.php?rest_route=\/wp\/v2\/types\/post"}],"author":[{"embeddable":true,"href":"https:\/\/formalprision.com\/index.php?rest_route=\/wp\/v2\/users\/2"}],"replies":[{"embeddable":true,"href":"https:\/\/formalprision.com\/index.php?rest_route=%2Fwp%2Fv2%2Fcomments&post=137381"}],"version-history":[{"count":1,"href":"https:\/\/formalprision.com\/index.php?rest_route=\/wp\/v2\/posts\/137381\/revisions"}],"predecessor-version":[{"id":137382,"href":"https:\/\/formalprision.com\/index.php?rest_route=\/wp\/v2\/posts\/137381\/revisions\/137382"}],"wp:featuredmedia":[{"embeddable":true,"href":"https:\/\/formalprision.com\/index.php?rest_route=\/wp\/v2\/media\/137384"}],"wp:attachment":[{"href":"https:\/\/formalprision.com\/index.php?rest_route=%2Fwp%2Fv2%2Fmedia&parent=137381"}],"wp:term":[{"taxonomy":"category","embeddable":true,"href":"https:\/\/formalprision.com\/index.php?rest_route=%2Fwp%2Fv2%2Fcategories&post=137381"},{"taxonomy":"post_tag","embeddable":true,"href":"https:\/\/formalprision.com\/index.php?rest_route=%2Fwp%2Fv2%2Ftags&post=137381"}],"curies":[{"name":"wp","href":"https:\/\/api.w.org\/{rel}","templated":true}]}}