{"id":137460,"date":"2026-01-05T21:19:23","date_gmt":"2026-01-06T02:19:23","guid":{"rendered":"https:\/\/formalprision.com\/?p=137460"},"modified":"2026-01-06T09:26:37","modified_gmt":"2026-01-06T14:26:37","slug":"el-festival-internacional-de-monologos-celebrara-10-anos-de-exito","status":"publish","type":"post","link":"https:\/\/formalprision.com\/?p=137460","title":{"rendered":"El Festival Internacional de Mon\u00f3logos celebrar\u00e1 10 a\u00f1os de \u00e9xito"},"content":{"rendered":"\n<p>M\u00c9RIDA, Yucat\u00e1n.- Con la participaci\u00f3n de obras de siete pa\u00edses y cuatro estados de la Rep\u00fablica Mexicana, este mi\u00e9rcoles 7 de enero inicia la VIII edici\u00f3n del Festival Internacional de Mon\u00f3logos Casa Tanicho, que se realiza desde 2016 y forma parte de los festejos del M\u00e9rida Fest 2026.<\/p>\n\n\n\n<p>Como parte de las actividades que el Ayuntamiento realiza a trav\u00e9s de la Direcci\u00f3n de Identidad y Cultura, en esta ocasi\u00f3n habr\u00e1 actividades en seis sedes distintas, entre estas el Centro Cultural Casa Tanicho.<\/p>\n\n\n\n<p>Entre los pa\u00edses participantes en esta muestra internacional est\u00e1n B\u00e9lgica, Espa\u00f1a, Cuba, Colombia, Argentina, Uruguay y M\u00e9xico, con obras de CDMX; Pachuca, Hidalgo; Saltillo, Coahuila y M\u00e9rida, Yucat\u00e1n.<\/p>\n\n\n\n<p>La presentaci\u00f3n del programa de actividades estuvo a cargo de Karla Berr\u00f3n C\u00e1mara, directora de Identidad y Cultura; Jorge Iv\u00e1n Rubio Ortiz, director del Centro Cultural Casa Tanicho; Carlos Sarmiento Barnet y Andy Gamboa Arguedas.<\/p>\n\n\n\n<p>Se inform\u00f3 que el jurado calificaron estar\u00e1 integrado por Andy Gamboa Arguedas (Costa Rica), Dettmar Ya\u00f1ez (Hermosillo, Sonora) y Yenny \u00c1vila (M\u00e9rida) para la selecci\u00f3n de los ganadores en las diversas categor\u00edas como: Mejor Mono\u0301logo (primero, segundo y tercer lugar), Direccio\u0301n, Actor, Actriz, Disen\u0303o Sonoro, Disen\u0303o de vestuario, Disen\u0303o de espacio esce\u0301nico y Mejor afiche o dise\u00f1o de po\u0301ster promocional.<\/p>\n\n\n\n<p>Para la selecci\u00f3n de las obras que integran el programa del festival se lanz\u00f3 una convocatoria internacional en el que recibieron 44 carpetas de 11 pa\u00edses y 13 estados de M\u00e9xico, un panel de jueces eligi\u00f3 las obras participantes.<\/p>\n\n\n\n<p>Adem\u00e1s de las funciones de obras de teatro del Programa Central, en el marco de las celebraciones por el 484 aniversario de la ciudad, todas de acceso libre para las familias meridanas, habr\u00e1 r\u00e9plicas del festival en lo que se denomina Programa de Extensi\u00f3n en otros espacios dentro de M\u00e9rida y los estados de Campeche y Quintana Roo.<\/p>\n\n\n\n<p>Tambi\u00e9n se contar\u00e1 con un programa acad\u00e9mico con una mesa panel en la Universidad de las Artes de Yucat\u00e1n y talleres para creadores esc\u00e9nicos, sumando en total 29 actividades dentro del programa de este mega festival internacional.<\/p>\n\n\n\n<p>Esta iniciativa de encuentro esc\u00e9nico es gracias al Centro Cultural Casa Tanicho con apoyo del Ayuntamiento de M\u00e9rida y con el auspicio de la Universidad de las Artes de Yucat\u00e1n, el Instituto de Cultura y Artes del Estado de Campeche, la Secretar\u00eda de la Cultura y las Artes de Yucat\u00e1n, la Universidad Modelo, el Hotel Holly, el Teatro de La Rendija, el Foro Alternativo Rub\u00e9n Chac\u00f3n y el complejo Paseo 60.<\/p>\n\n\n\n<p>El programa central que abarca del 7 al 17 de enero, tendr\u00e1 sedes como la Plaza Grande frente a la Casa de Montejo con la puesta de la Compa\u00f1\u00eda Potaufeu Th\u00e9\u00e2tre de B\u00e9lgica, y hasta la Caja negra de la UNAY o el Foro Alternativo Rub\u00e9n Chac\u00f3n.<\/p>\n\n\n\n<p>Se presentar\u00e1n obras como El Colibr\u00ed, de talento de Argentina, y Diciembre, de Uruguay, que recorren tem\u00e1ticas actuales apelando a lo po\u00e9tico, a lo l\u00fadico, en la b\u00fasqueda del ser o un recorrido de las memorias con sin fin de apreciaciones que har\u00e1n sentir o abrir la mente a nuevos resignificados de la vida humana.<\/p>\n\n\n\n<p>Las actividades del VIII Festival Internacional de Mon\u00f3logos Casa Tanicho y del M\u00e9rida Fest lo podr\u00e1n consultar en merida.gob.mx\/meridafest<\/p>\n","protected":false},"excerpt":{"rendered":"<p>M\u00c9RIDA, Yucat\u00e1n.- Con la participaci\u00f3n de obras de siete pa\u00edses y cuatro estados de la Rep\u00fablica Mexicana, este mi\u00e9rcoles 7 de enero inicia la VIII edici\u00f3n del Festival Internacional de<\/p>\n","protected":false},"author":2,"featured_media":137462,"comment_status":"open","ping_status":"open","sticky":false,"template":"","format":"standard","meta":{"jetpack_post_was_ever_published":false,"_jetpack_newsletter_access":"","_jetpack_dont_email_post_to_subs":false,"_jetpack_newsletter_tier_id":0,"_jetpack_memberships_contains_paywalled_content":false,"_jetpack_memberships_contains_paid_content":false,"footnotes":"","jetpack_publicize_message":"","jetpack_publicize_feature_enabled":true,"jetpack_social_post_already_shared":true,"jetpack_social_options":{"image_generator_settings":{"template":"highway","default_image_id":0,"font":"","enabled":false},"version":2}},"categories":[14],"tags":[],"class_list":["post-137460","post","type-post","status-publish","format-standard","has-post-thumbnail","hentry","category-merida"],"jetpack_publicize_connections":[],"jetpack_featured_media_url":"https:\/\/formalprision.com\/wp-content\/uploads\/2026\/01\/WhatsApp-Image-2026-01-05-at-5.12.15-PM.jpeg","jetpack_sharing_enabled":true,"jetpack_shortlink":"https:\/\/wp.me\/p6id8p-zL6","_links":{"self":[{"href":"https:\/\/formalprision.com\/index.php?rest_route=\/wp\/v2\/posts\/137460","targetHints":{"allow":["GET"]}}],"collection":[{"href":"https:\/\/formalprision.com\/index.php?rest_route=\/wp\/v2\/posts"}],"about":[{"href":"https:\/\/formalprision.com\/index.php?rest_route=\/wp\/v2\/types\/post"}],"author":[{"embeddable":true,"href":"https:\/\/formalprision.com\/index.php?rest_route=\/wp\/v2\/users\/2"}],"replies":[{"embeddable":true,"href":"https:\/\/formalprision.com\/index.php?rest_route=%2Fwp%2Fv2%2Fcomments&post=137460"}],"version-history":[{"count":1,"href":"https:\/\/formalprision.com\/index.php?rest_route=\/wp\/v2\/posts\/137460\/revisions"}],"predecessor-version":[{"id":137461,"href":"https:\/\/formalprision.com\/index.php?rest_route=\/wp\/v2\/posts\/137460\/revisions\/137461"}],"wp:featuredmedia":[{"embeddable":true,"href":"https:\/\/formalprision.com\/index.php?rest_route=\/wp\/v2\/media\/137462"}],"wp:attachment":[{"href":"https:\/\/formalprision.com\/index.php?rest_route=%2Fwp%2Fv2%2Fmedia&parent=137460"}],"wp:term":[{"taxonomy":"category","embeddable":true,"href":"https:\/\/formalprision.com\/index.php?rest_route=%2Fwp%2Fv2%2Fcategories&post=137460"},{"taxonomy":"post_tag","embeddable":true,"href":"https:\/\/formalprision.com\/index.php?rest_route=%2Fwp%2Fv2%2Ftags&post=137460"}],"curies":[{"name":"wp","href":"https:\/\/api.w.org\/{rel}","templated":true}]}}