{"id":137470,"date":"2026-01-05T23:16:41","date_gmt":"2026-01-06T04:16:41","guid":{"rendered":"https:\/\/formalprision.com\/?p=137470"},"modified":"2026-01-05T23:16:41","modified_gmt":"2026-01-06T04:16:41","slug":"el-gobernador-se-pronuncia-por-ejecucion-de-tres-personas-en-dzilam-gonzalez","status":"publish","type":"post","link":"https:\/\/formalprision.com\/?p=137470","title":{"rendered":"El gobernador se pronuncia por ejecuci\u00f3n de tres personas en Dzilam Gonz\u00e1lez"},"content":{"rendered":"\n<p>M\u00c9RIDA, Yucat\u00e1n.- El gobernador Joaqu\u00edn D\u00edaz Mena precis\u00f3 que fueron tres fallecidos por el ataque de un grupo armado en Dzilam Gonz\u00e1lez, entre ellos dos menores de edad, evento al que calific\u00f3 como un \u201checho at\u00edpico\u201d.<\/p>\n\n\n\n<p>En su transmisi\u00f3n en la red social Facebook de los lunes, Huacho D\u00edaz indic\u00f3 que de manera preliminar el suceso estar\u00eda relacionado con un conflicto entre familias provenientes de Quintana Roo. Se\u00f1al\u00f3 que la Fiscal\u00eda General del Estado ya cuenta con informaci\u00f3n para identificar a los agresores.<\/p>\n\n\n\n<p>, El ataque ocurri\u00f3 la tarde de este lunes , con saldo inicial de dos personas muertas, y dos m\u00e1s lesionadas por impactos de proyectil de arma de fuego. M\u00e1s tarde falleci\u00f3 uno de los lesionados, un adolescente de 15 a\u00f1os.<\/p>\n\n\n\n<p>De manera extraoficial los primeros informes ligaban el ataque a integrantes del grupo criminal de Caborca, aunque a\u00fan se investiga si se trat\u00f3 de una ejecuci\u00f3n directa o un enfrentamiento con agentes estatales.<\/p>\n","protected":false},"excerpt":{"rendered":"<p>M\u00c9RIDA, Yucat\u00e1n.- El gobernador Joaqu\u00edn D\u00edaz Mena precis\u00f3 que fueron tres fallecidos por el ataque de un grupo armado en Dzilam Gonz\u00e1lez, entre ellos dos menores de edad, evento al<\/p>\n","protected":false},"author":1,"featured_media":137471,"comment_status":"open","ping_status":"open","sticky":false,"template":"","format":"standard","meta":{"jetpack_post_was_ever_published":false,"_jetpack_newsletter_access":"","_jetpack_dont_email_post_to_subs":false,"_jetpack_newsletter_tier_id":0,"_jetpack_memberships_contains_paywalled_content":false,"_jetpack_memberships_contains_paid_content":false,"footnotes":"","jetpack_publicize_message":"","jetpack_publicize_feature_enabled":true,"jetpack_social_post_already_shared":true,"jetpack_social_options":{"image_generator_settings":{"template":"highway","default_image_id":0,"font":"","enabled":false},"version":2}},"categories":[54],"tags":[],"class_list":["post-137470","post","type-post","status-publish","format-standard","has-post-thumbnail","hentry","category-yucatan"],"jetpack_publicize_connections":[],"jetpack_featured_media_url":"https:\/\/formalprision.com\/wp-content\/uploads\/2026\/01\/FB_IMG_1767672606916.jpg","jetpack_sharing_enabled":true,"jetpack_shortlink":"https:\/\/wp.me\/p6id8p-zLg","_links":{"self":[{"href":"https:\/\/formalprision.com\/index.php?rest_route=\/wp\/v2\/posts\/137470","targetHints":{"allow":["GET"]}}],"collection":[{"href":"https:\/\/formalprision.com\/index.php?rest_route=\/wp\/v2\/posts"}],"about":[{"href":"https:\/\/formalprision.com\/index.php?rest_route=\/wp\/v2\/types\/post"}],"author":[{"embeddable":true,"href":"https:\/\/formalprision.com\/index.php?rest_route=\/wp\/v2\/users\/1"}],"replies":[{"embeddable":true,"href":"https:\/\/formalprision.com\/index.php?rest_route=%2Fwp%2Fv2%2Fcomments&post=137470"}],"version-history":[{"count":1,"href":"https:\/\/formalprision.com\/index.php?rest_route=\/wp\/v2\/posts\/137470\/revisions"}],"predecessor-version":[{"id":137472,"href":"https:\/\/formalprision.com\/index.php?rest_route=\/wp\/v2\/posts\/137470\/revisions\/137472"}],"wp:featuredmedia":[{"embeddable":true,"href":"https:\/\/formalprision.com\/index.php?rest_route=\/wp\/v2\/media\/137471"}],"wp:attachment":[{"href":"https:\/\/formalprision.com\/index.php?rest_route=%2Fwp%2Fv2%2Fmedia&parent=137470"}],"wp:term":[{"taxonomy":"category","embeddable":true,"href":"https:\/\/formalprision.com\/index.php?rest_route=%2Fwp%2Fv2%2Fcategories&post=137470"},{"taxonomy":"post_tag","embeddable":true,"href":"https:\/\/formalprision.com\/index.php?rest_route=%2Fwp%2Fv2%2Ftags&post=137470"}],"curies":[{"name":"wp","href":"https:\/\/api.w.org\/{rel}","templated":true}]}}