{"id":137473,"date":"2026-01-06T08:25:39","date_gmt":"2026-01-06T13:25:39","guid":{"rendered":"https:\/\/formalprision.com\/?p=137473"},"modified":"2026-01-06T20:20:27","modified_gmt":"2026-01-07T01:20:27","slug":"cientos-de-voces-le-cantan-las-mananitas-a-merida-por-sus-484-anos","status":"publish","type":"post","link":"https:\/\/formalprision.com\/?p=137473","title":{"rendered":"Cientos de voces le cantan las ma\u00f1anitas a M\u00e9rida por sus 484 a\u00f1os"},"content":{"rendered":"\n<p>M\u00c9RIDA, Yucat\u00e1n.- Cientos de voces se unieron para cantarle a la Muy Noble y Muy Leal Ciudad de M\u00e9rida cuando el reloj de Palacio Municipal marc\u00f3 el primer minuto de este 6 de enero, al cumplir 484 a\u00f1os de su fundaci\u00f3n, ciudadan\u00eda y visitantes encabezados por la presidenta municipal Cecilia Patr\u00f3n Laviada.<\/p>\n\n\n\n<p>As\u00ed dieron inicio las celebraciones, con las tradicionales callejoneada y alborada, en las que m\u00e1s de 200 trovadores, mestizas y mestizos rindieron honores a la capital yucateca.<\/p>\n\n\n\n<p>\u201cReafirmamos nuestro amor profundo por la ciudad m\u00e1s chula de las ciudades, un lugar en el que vivimos con nuestras familias, un municipio referente y abierto a todos los pensamientos, una ciudad viva en su tradici\u00f3n, cultura y sentido de comunidad, y hoy a 484 a\u00f1os, Ichcaanzih\u00f3 sigue siendo una ciudad \u00fanica y distinguible\u201d, expres\u00f3 con orgullo y sentimiento la alcaldesa meridana.<\/p>\n\n\n\n<p>La mun\u00edcipe, vestida con el tradicional terno yucateco, enfatiz\u00f3 que M\u00e9rida abraza la esperanza de un mejor futuro gracias al trabajo y esfuerzo de mujeres y hombres que cuidan todos los d\u00edas su hogar, enfatizando que de la mano de un gobierno municipal comprometido y en unidad se pueden obtener grandes logros que ayuden a mejorar a\u00fan m\u00e1s la calidad de vida de quienes habitan la capital yucateca.<\/p>\n\n\n\n<p>A las 11 de la noche dio inicio la emblem\u00e1tica callejoneada, en la que meridanos y visitantes se encaminaron desde el parque de Santa Luc\u00eda hasta los bajos del Palacio Municipal, al ritmo de la trova yucateca.<\/p>\n\n\n\n<p>Durante el recorrido, m\u00e1s de 200 participantes, entre autoridades, trovadores e invitados, portaron con orgullo el traje regional y flores o velas, mientras los tr\u00edos de las asociaciones \u201cGuty C\u00e1rdenas\u201d, \u201cPastor Cervera\u201d, \u201cArmando Manzanero\u201d y \u201cPepe Dom\u00ednguez\u201d entonaban canciones que evocan el alma de M\u00e9rida.<\/p>\n\n\n\n<p>Una noche de Alborada a la luz de la luna llena, en la que en punto de la medianoche reson\u00f3 el reloj municipal enmarcando uno de los momentos m\u00e1s emotivos de la celebraci\u00f3n, cuando a una sola voz se cantaron \u201cLas ma\u00f1anitas\u201d a M\u00e9rida, como s\u00edmbolo de amor, pertenencia y gratitud a la ciudad que une generaciones, dando la bienvenida a un a\u00f1o de la antigua ciudad de T\u00b4h\u00f3, en la que hoy alberga a m\u00e1s de m\u00e1s de un mill\u00f3n 300 mil habitantes en el municipio.<\/p>\n\n\n\n<p>Hoy todo sabe a M\u00e9rida: sus calles, parques, monumentos, edificios, barrios, su m\u00fasica y su gente; con esa trova yucateca que enamora a quien la escucha, que sabe colarse hasta lo m\u00e1s \u00edntimo de nuestros sentimientos para unirnos en una sola voz con un \u201cfeliz cumplea\u00f1os M\u00e9rida\u201d a trav\u00e9s de las canciones de grandes compositores yucatecos.<\/p>\n\n\n\n<p>\u201cAqu\u00ed, donde se crean espacios de colaboraci\u00f3n y di\u00e1logo entre gobierno y sociedad, donde la decisi\u00f3n de sus autoridades se transforma en el bien com\u00fan con seguridad y resiliencia para generar en M\u00e9rida salud, equidad, justicia e inclusi\u00f3n\u201d, agreg\u00f3 la edil.<\/p>\n\n\n\n<p>En este marco, la alcaldesa expres\u00f3 que \u201ccelebrar a M\u00e9rida es celebrar lo que somos, una comunidad unida, solidaria y orgullosa de su historia, donde el bien com\u00fan est\u00e1 siempre por encima de las diferencias, que fortalece nuestra identidad y nos recuerda que esta ciudad se construye todos los d\u00edas con la participaci\u00f3n de su gente\u201d.<\/p>\n\n\n\n<p>Las actividades conmemorativas contin\u00faan la ma\u00f1ana del 6 de enero con la misa solemne en la Catedral de San Ildefonso, en memoria de la fundaci\u00f3n de la ciudad el 6 de enero de 1542, un acto que conecta el presente con las ra\u00edces hist\u00f3ricas de la capital yucateca.<\/p>\n\n\n\n<p>A esta celebraci\u00f3n se suma el inicio del M\u00e9rida Fest 2026, una de las expresiones culturales m\u00e1s importantes del pa\u00eds, que contempla 90 proyectos art\u00edsticos, 203 actividades y la participaci\u00f3n de 909 artistas en 83 sedes distribuidas en toda la ciudad.<\/p>\n\n\n\n<p>Un festival que adem\u00e1s contar\u00e1 con la presencia de artistas de ocho pa\u00edses invitados y con un concierto estelar, adem\u00e1s de estrenos internacionales y locales en disciplinas como m\u00fasica, danza, teatro e interdisciplina, as\u00ed como un homenaje a los Decanos de los Trovadores con la entrega de la medalla \u201cPepe Dom\u00ednguez\u201d 2026.<\/p>\n","protected":false},"excerpt":{"rendered":"<p>M\u00c9RIDA, Yucat\u00e1n.- Cientos de voces se unieron para cantarle a la Muy Noble y Muy Leal Ciudad de M\u00e9rida cuando el reloj de Palacio Municipal marc\u00f3 el primer minuto de<\/p>\n","protected":false},"author":2,"featured_media":137476,"comment_status":"open","ping_status":"open","sticky":false,"template":"","format":"standard","meta":{"jetpack_post_was_ever_published":false,"_jetpack_newsletter_access":"","_jetpack_dont_email_post_to_subs":false,"_jetpack_newsletter_tier_id":0,"_jetpack_memberships_contains_paywalled_content":false,"_jetpack_memberships_contains_paid_content":false,"footnotes":"","jetpack_publicize_message":"","jetpack_publicize_feature_enabled":true,"jetpack_social_post_already_shared":true,"jetpack_social_options":{"image_generator_settings":{"template":"highway","default_image_id":0,"font":"","enabled":false},"version":2}},"categories":[54],"tags":[],"class_list":["post-137473","post","type-post","status-publish","format-standard","has-post-thumbnail","hentry","category-yucatan"],"jetpack_publicize_connections":[],"jetpack_featured_media_url":"https:\/\/formalprision.com\/wp-content\/uploads\/2026\/01\/WhatsApp-Image-2026-01-06-at-12.04.20-AM1.jpeg","jetpack_sharing_enabled":true,"jetpack_shortlink":"https:\/\/wp.me\/p6id8p-zLj","_links":{"self":[{"href":"https:\/\/formalprision.com\/index.php?rest_route=\/wp\/v2\/posts\/137473","targetHints":{"allow":["GET"]}}],"collection":[{"href":"https:\/\/formalprision.com\/index.php?rest_route=\/wp\/v2\/posts"}],"about":[{"href":"https:\/\/formalprision.com\/index.php?rest_route=\/wp\/v2\/types\/post"}],"author":[{"embeddable":true,"href":"https:\/\/formalprision.com\/index.php?rest_route=\/wp\/v2\/users\/2"}],"replies":[{"embeddable":true,"href":"https:\/\/formalprision.com\/index.php?rest_route=%2Fwp%2Fv2%2Fcomments&post=137473"}],"version-history":[{"count":2,"href":"https:\/\/formalprision.com\/index.php?rest_route=\/wp\/v2\/posts\/137473\/revisions"}],"predecessor-version":[{"id":137475,"href":"https:\/\/formalprision.com\/index.php?rest_route=\/wp\/v2\/posts\/137473\/revisions\/137475"}],"wp:featuredmedia":[{"embeddable":true,"href":"https:\/\/formalprision.com\/index.php?rest_route=\/wp\/v2\/media\/137476"}],"wp:attachment":[{"href":"https:\/\/formalprision.com\/index.php?rest_route=%2Fwp%2Fv2%2Fmedia&parent=137473"}],"wp:term":[{"taxonomy":"category","embeddable":true,"href":"https:\/\/formalprision.com\/index.php?rest_route=%2Fwp%2Fv2%2Fcategories&post=137473"},{"taxonomy":"post_tag","embeddable":true,"href":"https:\/\/formalprision.com\/index.php?rest_route=%2Fwp%2Fv2%2Ftags&post=137473"}],"curies":[{"name":"wp","href":"https:\/\/api.w.org\/{rel}","templated":true}]}}