{"id":137534,"date":"2026-01-08T18:50:24","date_gmt":"2026-01-08T23:50:24","guid":{"rendered":"https:\/\/formalprision.com\/?p=137534"},"modified":"2026-01-09T10:08:30","modified_gmt":"2026-01-09T15:08:30","slug":"circo-carnaval-merida-2026-presenta-una-cartelera-artistica-que-hara-vibrar-a-la-ciudad","status":"publish","type":"post","link":"https:\/\/formalprision.com\/?p=137534","title":{"rendered":"Circo Carnaval M\u00e9rida 2026 presenta una cartelera art\u00edstica que har\u00e1 vibrar a la ciudad"},"content":{"rendered":"\n<p>M\u00c9RIDA, Yucat\u00e1n.\u2013 El Circo Carnaval M\u00e9rida 2026 llega con una espectacular cartelera art\u00edstica y musical que se vivir\u00e1 en distintos escenarios de la ciudad, consolid\u00e1ndose como la fiesta de la gente, donde la tradici\u00f3n, la cultura y la m\u00fasica se unen para fortalecer la convivencia, la unidad comunitaria y la paz social.<\/p>\n\n\n\n<p>\u201cM\u00e9rida es una ciudad que vive intensamente sus festividades, y nuestro Circo Carnaval traer\u00e1 y evocar\u00e1 esos recuerdos maravillosos que tenemos de nuestra ni\u00f1ez en un ambiente muy familiar, que combinar\u00e1 el pasado, presente y lo que viene, siempre innovando en darles nuevas experiencias para divertirse y disfrutar todos, sin que nadie se quede fuera\u201d recalc\u00f3 la alcaldesa.<\/p>\n\n\n\n<p>La edil indic\u00f3 que esta cartelera se hizo pensando en todas las edades, al que le gusta bailar cumbia, el rap, y al que pueda venir o quiera bailar, en una expresi\u00f3n extraordinaria en la que las y los meridanos podr\u00e1n disfrutar de una oferta musical diversa, inclusiva y para toda la familia, con la participaci\u00f3n de artistas como Caifanes, Yuri, Jessy &amp; Joy y Alem\u00e1n, quienes llenar\u00e1n de energ\u00eda, ritmo, baile y diversi\u00f3n esta gran celebraci\u00f3n.<\/p>\n\n\n\n<p>Por su parte, la secretaria Ejecutiva del Comit\u00e9 Permanente del Carnaval de M\u00e9rida, Mariana Villamil Rodr\u00edguez, se\u00f1al\u00f3 que en esta edici\u00f3n el Carnaval se transforma y evoluciona para ofrecer nuevas experiencias sin perder su esencia, incorporando innovaciones como el Carro Aleg\u00f3rico Musical, un escenario rodante que recorrer\u00e1 el derrotero llevando m\u00fasica en vivo, ritmo y energ\u00eda para el disfrute del p\u00fablico.<\/p>\n\n\n\n<p>Indic\u00f3 que otra de las novedades es el Musical Festival Circus que reunir\u00e1 a diversos DJs locales y regionales en una carpa musical con presentaciones acompa\u00f1adas de juegos de luces, acrobacias y malabares.<\/p>\n\n\n\n<p>Tambi\u00e9n, estar\u00e1 la Terraza de la Historia, un espacio que ampl\u00eda la oferta cultural con un ciclo de cine mudo y una exposici\u00f3n fotogr\u00e1fica en coordinaci\u00f3n con la Fototeca Pedro Guerra, recordando que el Carnaval tambi\u00e9n es memoria, arte y tradici\u00f3n.<\/p>\n\n\n\n<p>La fiesta iniciar\u00e1 el s\u00e1bado 7 de febrero con la Coronaci\u00f3n de Reinas y Reyes 2026 a partir de las 6:00 p. m. en los ex terrenos de Mitza, y que se iluminar\u00e1 con la presentaci\u00f3n estelar de Yuri, una de las voces m\u00e1s emblem\u00e1ticas del pop en espa\u00f1ol y que promete un concierto lleno de energ\u00eda, grandes \u00e9xitos y un despliegue esc\u00e9nico para hacer una noche inolvidable.<\/p>\n\n\n\n<p>La tradici\u00f3n se enciende con la Quema del Mal Humor, este mi\u00e9rcoles 11 de febrero, a las 8:00 p.m., en los Bajos del Palacio Municipal, una celebraci\u00f3n simb\u00f3lica que invita a dejar atr\u00e1s lo negativo, renovar la energ\u00eda y darle la bienvenida a la alegr\u00eda y al esp\u00edritu festivo del Carnaval, y que en esta edici\u00f3n contar\u00e1 con el ritmo y sabor de la cumbia a cargo de Juan Carlos Tapia \u201cPaleto\u201d, quien pondr\u00e1 a bailar al p\u00fablico.<\/p>\n\n\n\n<p>El jueves 12 de febrero, a las 4:00 p.m., se realizar\u00e1 el Desfile Infantil, que iniciar\u00e1 en los Bajos del Palacio Municipal y que ofrecer\u00e1 un espacio especialmente dedicado a ni\u00f1as y ni\u00f1os, reforzando el car\u00e1cter familiar del Carnaval y permitiendo que las nuevas generaciones vivan y se apropien de esta tradici\u00f3n.<\/p>\n\n\n\n<p>Ciudad Carnaval abrir\u00e1 sus puertas el viernes 13 de febrero, convirti\u00e9ndose en el punto de encuentro para las familias que disfrutar\u00e1n de la magia y diversi\u00f3n, en un ambiente seguro y pensado para todos. La inauguraci\u00f3n se realizar\u00e1 a las 8:00 p.m. y contar\u00e1 con un espectacular show de drones.<\/p>\n\n\n\n<p>Posteriormente, el derrotero del viernes de corso contar\u00e1 con la presencia de Abelito y Aldo De Nigris, mientras que la fiesta continuar\u00e1 en el Centro de Espect\u00e1culos Montejo con la presentaci\u00f3n de Mentiras El Concierto.<\/p>\n\n\n\n<p>En los desfiles de Circo Carnaval se contar\u00e1 con la presencia de diversas personalidades del mundo del espect\u00e1culo como Galilea Montijo, Ninel Conde, Marlene Favela, Ariadne D\u00edaz, Emmanuel Palomares, Juli\u00e1n Gil, Isaac Moreno, Ca\u00edn Guzm\u00e1n, Sergio Mayer Mori y los Wapayasos.<\/p>\n\n\n\n<p>Junior Klan y Alfredo \u201cEl Puchu\u201d ser\u00e1n los encargados de poner a bailar al p\u00fablico con el ritmo y sabor de la cumbia a partir de las 4:00 p.m. en el Centro de Espect\u00e1culos Montejo en el domingo de Bachata.<\/p>\n\n\n\n<p>Tambi\u00e9n, se contar\u00e1 con la participaci\u00f3n de diversos c\u00f3micos regionales como Dzereco y Nohoch, Cuxum y Chayak, la T\u00eda Chayo, Ruperta P\u00e9rez Sosa, Do\u00f1a Chela, Chepita Kakatua, entre otros.<\/p>\n\n\n\n<p>El Circo Carnaval M\u00e9rida 2026 es una fiesta que evoluciona, que apuesta por una cartelera art\u00edstica y musical diversa y de calidad, y que reafirma su esencia como una celebraci\u00f3n familiar, segura y para la gente.<\/p>\n\n\n\n<p>La edil indic\u00f3 tambi\u00e9n expres\u00f3 que espera recibir a m\u00e1s 400 mil visitantes en Ciudad Carnaval, recinto que contar\u00e1 con zonas especiales y seguras para mujeres, personas con discapacidad y adultos mayores, as\u00ed como rutas de transporte gratuito. Cabe recordar que el acceso al estacionamiento, recinto ferial, conciertos y eventos es completamente gratuito<\/p>\n\n\n\n<p>La cartelera completa puede consultarse en el sitio web merida.gob.mx\/carnaval y en las redes sociales oficiales del Comit\u00e9 del Carnaval de M\u00e9rida.<\/p>\n","protected":false},"excerpt":{"rendered":"<p>M\u00c9RIDA, Yucat\u00e1n.\u2013 El Circo Carnaval M\u00e9rida 2026 llega con una espectacular cartelera art\u00edstica y musical que se vivir\u00e1 en distintos escenarios de la ciudad, consolid\u00e1ndose como la fiesta de la<\/p>\n","protected":false},"author":2,"featured_media":137536,"comment_status":"open","ping_status":"open","sticky":false,"template":"","format":"standard","meta":{"jetpack_post_was_ever_published":false,"_jetpack_newsletter_access":"","_jetpack_dont_email_post_to_subs":false,"_jetpack_newsletter_tier_id":0,"_jetpack_memberships_contains_paywalled_content":false,"_jetpack_memberships_contains_paid_content":false,"footnotes":"","jetpack_publicize_message":"","jetpack_publicize_feature_enabled":true,"jetpack_social_post_already_shared":true,"jetpack_social_options":{"image_generator_settings":{"template":"highway","default_image_id":0,"font":"","enabled":false},"version":2}},"categories":[54],"tags":[],"class_list":["post-137534","post","type-post","status-publish","format-standard","has-post-thumbnail","hentry","category-yucatan"],"jetpack_publicize_connections":[],"jetpack_featured_media_url":"https:\/\/formalprision.com\/wp-content\/uploads\/2026\/01\/WhatsApp-Image-2026-01-08-at-4.33.17-PM.jpeg","jetpack_sharing_enabled":true,"jetpack_shortlink":"https:\/\/wp.me\/p6id8p-zMi","_links":{"self":[{"href":"https:\/\/formalprision.com\/index.php?rest_route=\/wp\/v2\/posts\/137534","targetHints":{"allow":["GET"]}}],"collection":[{"href":"https:\/\/formalprision.com\/index.php?rest_route=\/wp\/v2\/posts"}],"about":[{"href":"https:\/\/formalprision.com\/index.php?rest_route=\/wp\/v2\/types\/post"}],"author":[{"embeddable":true,"href":"https:\/\/formalprision.com\/index.php?rest_route=\/wp\/v2\/users\/2"}],"replies":[{"embeddable":true,"href":"https:\/\/formalprision.com\/index.php?rest_route=%2Fwp%2Fv2%2Fcomments&post=137534"}],"version-history":[{"count":1,"href":"https:\/\/formalprision.com\/index.php?rest_route=\/wp\/v2\/posts\/137534\/revisions"}],"predecessor-version":[{"id":137535,"href":"https:\/\/formalprision.com\/index.php?rest_route=\/wp\/v2\/posts\/137534\/revisions\/137535"}],"wp:featuredmedia":[{"embeddable":true,"href":"https:\/\/formalprision.com\/index.php?rest_route=\/wp\/v2\/media\/137536"}],"wp:attachment":[{"href":"https:\/\/formalprision.com\/index.php?rest_route=%2Fwp%2Fv2%2Fmedia&parent=137534"}],"wp:term":[{"taxonomy":"category","embeddable":true,"href":"https:\/\/formalprision.com\/index.php?rest_route=%2Fwp%2Fv2%2Fcategories&post=137534"},{"taxonomy":"post_tag","embeddable":true,"href":"https:\/\/formalprision.com\/index.php?rest_route=%2Fwp%2Fv2%2Ftags&post=137534"}],"curies":[{"name":"wp","href":"https:\/\/api.w.org\/{rel}","templated":true}]}}