{"id":137537,"date":"2026-01-08T19:07:39","date_gmt":"2026-01-09T00:07:39","guid":{"rendered":"https:\/\/formalprision.com\/?p=137537"},"modified":"2026-01-08T19:07:39","modified_gmt":"2026-01-09T00:07:39","slug":"diaz-mena-llama-a-redoblar-esfuerzos-de-seguridad-en-yucatan","status":"publish","type":"post","link":"https:\/\/formalprision.com\/?p=137537","title":{"rendered":"D\u00edaz Mena llama a redoblar esfuerzos de seguridad en Yucat\u00e1n"},"content":{"rendered":"\n<p>M\u00e9rida, Yucat\u00e1n, a 8 de enero de 2026.-Al encabezar la Mesa estatal para la Construcci\u00f3n de Paz y Seguridad en Yucat\u00e1n, el gobernador Joaqu\u00edn D\u00edaz Mena llam\u00f3 a redoblar esfuerzos y a mantenerse siempre un paso adelante para preservar la paz y la tranquilidad de las familias yucatecas en 2026, y para que Yucat\u00e1n contin\u00fae siendo un referente nacional en la materia.<br>&nbsp;<br>En ese contexto, resalt\u00f3 la importancia de reforzar la inteligencia, el equipamiento y la vigilancia, as\u00ed como de no bajar la guardia en el cuidado de todos los rincones de la entidad.<br>&nbsp;<br>Asimismo, ante lo ocurrido en Dzilam Gonz\u00e1lez, indic\u00f3 que este suceso no quedar\u00e1 impune, ya que en Yucat\u00e1n quien comete un delito enfrenta la ley sin excepciones.<br>&nbsp;<br>De igual manera, convoc\u00f3 a fortalecer las acciones para preservar la seguridad del estado, sin generar alarma, pero asumiendo con seriedad que los retos en la materia existen y evolucionan cada d\u00eda.<br>&nbsp;<br>Por ello, instruy\u00f3 reforzar la seguridad en los municipios y en zonas colindantes, as\u00ed como mantener la coordinaci\u00f3n entre corporaciones estatales y municipales, el intercambio de informaci\u00f3n entre los tres \u00f3rdenes de gobierno y la presencia territorial.<br>&nbsp;<br>Lo anterior, se\u00f1al\u00f3, para evitar caer en confianza excesiva y, por el contrario, prevenir y estar listos para reaccionar de manera oportuna.<br>&nbsp;<\/p>\n","protected":false},"excerpt":{"rendered":"<p>M\u00e9rida, Yucat\u00e1n, a 8 de enero de 2026.-Al encabezar la Mesa estatal para la Construcci\u00f3n de Paz y Seguridad en Yucat\u00e1n, el gobernador Joaqu\u00edn D\u00edaz Mena llam\u00f3 a redoblar esfuerzos<\/p>\n","protected":false},"author":1,"featured_media":137538,"comment_status":"open","ping_status":"open","sticky":false,"template":"","format":"standard","meta":{"jetpack_post_was_ever_published":false,"_jetpack_newsletter_access":"","_jetpack_dont_email_post_to_subs":false,"_jetpack_newsletter_tier_id":0,"_jetpack_memberships_contains_paywalled_content":false,"_jetpack_memberships_contains_paid_content":false,"footnotes":"","jetpack_publicize_message":"","jetpack_publicize_feature_enabled":true,"jetpack_social_post_already_shared":true,"jetpack_social_options":{"image_generator_settings":{"template":"highway","default_image_id":0,"font":"","enabled":false},"version":2}},"categories":[14],"tags":[],"class_list":["post-137537","post","type-post","status-publish","format-standard","has-post-thumbnail","hentry","category-merida"],"jetpack_publicize_connections":[],"jetpack_featured_media_url":"https:\/\/formalprision.com\/wp-content\/uploads\/2026\/01\/IMG-20260108-WA0124.jpg","jetpack_sharing_enabled":true,"jetpack_shortlink":"https:\/\/wp.me\/p6id8p-zMl","_links":{"self":[{"href":"https:\/\/formalprision.com\/index.php?rest_route=\/wp\/v2\/posts\/137537","targetHints":{"allow":["GET"]}}],"collection":[{"href":"https:\/\/formalprision.com\/index.php?rest_route=\/wp\/v2\/posts"}],"about":[{"href":"https:\/\/formalprision.com\/index.php?rest_route=\/wp\/v2\/types\/post"}],"author":[{"embeddable":true,"href":"https:\/\/formalprision.com\/index.php?rest_route=\/wp\/v2\/users\/1"}],"replies":[{"embeddable":true,"href":"https:\/\/formalprision.com\/index.php?rest_route=%2Fwp%2Fv2%2Fcomments&post=137537"}],"version-history":[{"count":1,"href":"https:\/\/formalprision.com\/index.php?rest_route=\/wp\/v2\/posts\/137537\/revisions"}],"predecessor-version":[{"id":137539,"href":"https:\/\/formalprision.com\/index.php?rest_route=\/wp\/v2\/posts\/137537\/revisions\/137539"}],"wp:featuredmedia":[{"embeddable":true,"href":"https:\/\/formalprision.com\/index.php?rest_route=\/wp\/v2\/media\/137538"}],"wp:attachment":[{"href":"https:\/\/formalprision.com\/index.php?rest_route=%2Fwp%2Fv2%2Fmedia&parent=137537"}],"wp:term":[{"taxonomy":"category","embeddable":true,"href":"https:\/\/formalprision.com\/index.php?rest_route=%2Fwp%2Fv2%2Fcategories&post=137537"},{"taxonomy":"post_tag","embeddable":true,"href":"https:\/\/formalprision.com\/index.php?rest_route=%2Fwp%2Fv2%2Ftags&post=137537"}],"curies":[{"name":"wp","href":"https:\/\/api.w.org\/{rel}","templated":true}]}}