{"id":137543,"date":"2026-01-08T20:55:32","date_gmt":"2026-01-09T01:55:32","guid":{"rendered":"https:\/\/formalprision.com\/?p=137543"},"modified":"2026-01-09T10:07:52","modified_gmt":"2026-01-09T15:07:52","slug":"jaranas-yucatecas-en-ritmos-sinfonicos-cautivan-en-el-merida-fest","status":"publish","type":"post","link":"https:\/\/formalprision.com\/?p=137543","title":{"rendered":"Jaranas yucatecas en ritmos sinf\u00f3nicos cautivan en el M\u00e9rida Fest"},"content":{"rendered":"\n<p>M\u00c9RIDA, Yucat\u00e1n.- Los ritmos de la jarana yucateca atraparon a meridanas, meridanos y turistas en una noche sinf\u00f3nica y llena de tradiciones con la Orquesta de C\u00e1mara de M\u00e9rida y la Orquesta T\u00edpica de la Universidad Aut\u00f3noma de Yucat\u00e1n.<\/p>\n\n\n\n<p>A tres d\u00edas que inici\u00f3 el festival que celebra los 484 a\u00f1os de la fundaci\u00f3n de M\u00e9rida, los proyectos musicales han sido los m\u00e1s arropados por el p\u00fablico.<\/p>\n\n\n\n<p>En un concierto \u00fanico, por primera ocasi\u00f3n, ambas orquestas tocaron al un\u00edsono 17 jaranas vistiendo con la m\u00fasica la fiesta cultural de la ciudad que organiza el Ayuntamiento de M\u00e9rida que encabeza Cecilia Patr\u00f3n Laviada.<\/p>\n\n\n\n<p>El recorrido musical, guiado por Russell Monta\u00f1ez Coronado y Arturo Turriza E\u00faan, incluy\u00f3, entre otros temas, \u201cFiesta del pueblo\u201d, \u201cBoxito en Espa\u00f1a\u201d, \u201cCanastas de Halach\u00f3\u201d, \u201cNicte H\u00e1\u201d, \u201cEl Ferrocarril\u201d, \u201cTimbalero\u201d y \u201cAires del Mayab\u201d. La algarab\u00eda que caracteriza estas m\u00fasicas se complet\u00f3 con cuadros de los Ballets Titular del Ayuntamiento, de la UADY y del Museo de la Canci\u00f3n Yucateca en una noche tradicional en la explanada de la Catedral meridana.<\/p>\n\n\n\n<p>Este viernes 9, se podr\u00e1n disfrutar los proyectos musicales \u201cDescubriendo la m\u00fasica de mujeres compositoras\u201d, con la C\u00eda. Clavis D\u00fao; \u201cAlma y esencia de mujer\u201d, con Jos\u00e9 Dorantes y el Tr\u00edo Los Embajadores con boleros y temas de mujeres como Mar\u00eda Grever, Rosario Sansores y Natalia Lafourcade; \u201cMeriDanSo\u00f1ando\u201d, con Jorge Buenfil y un espect\u00e1culo de danzones \u201cCuatro generaciones de m\u00fasica contempor\u00e1nea\u201d con SequenzaSUR.<\/p>\n\n\n\n<p>Tambi\u00e9n sonar\u00e1 \u201cBaterimba\u201d, con el ritmo colombiano y multipercusiones de Carlos Fernando Balanza Mez\u00fa y la \u201cOrquesta Cubateca: Jazz del Mayab y del Caribe\u201d<\/p>\n\n\n\n<p>con Cris Alcocer compartiendo escenario con Horario \u201cEl Negro \u201c Hern\u00e1ndez (ganador de dos Premios Grammy).<\/p>\n\n\n\n<p>El s\u00e1bado 10, en \u201cTerritorio vivo\u201d, m\u00fasicos de seis pa\u00edses ofrecer\u00e1n fusiones atrevidas entre lo ac\u00fastico y lo digital, mientras el espect\u00e1culo \u201cManzanero regresa a casa\u201d, promete una noche de nostalgia y sentimientos recordando las canciones del maestro yucateco en las voces de Francisco C\u00e9spedes, Susana Zabaleta, Alex Lora, Gina Osorno, Los Juglares y Juan Pablo Manzanero.<\/p>\n\n\n\n<p>El domingo 11, subir\u00e1 la \u201cJuventud a escena\u201d con el Ballet Infantil del Museo de la Canci\u00f3n Yucateca, el Coro Infantil y Juvenil y la Rondalla del Centro Municipal de M\u00fasica y la Orquesta Infantil y Juvenil del Ayuntamiento.<\/p>\n\n\n\n<p>Por otro lado, este fin de semana, los parques de La Mejorada y La Ermita ser\u00e1n sedes de \u201cDando y dando\u201d, dos jornadas planeadas desde la Direcci\u00f3n de Identidad y Cultura que buscan fortalecer el aprendizaje colectivo y la convivencia en un ambiente seguro y con mucha diversi\u00f3n.<\/p>\n\n\n\n<p>El s\u00e1bado 10 en Mejorada se podr\u00e1 participar en la feria ambiental que impulsa la Unidad de Medio Ambiente, clases muestras de ballet, belly dance, jazz y capoeira, lecturas y coro abierto, a partir de las 11:00 a.m.<\/p>\n\n\n\n<p>El domingo 11, la jornada \u201cTin ts\u2019\u00e1ak ta ts\u2019\u00e1ak\u201d (Dando y dando), en La Ermita incluir\u00e1 el aprendizaje de la lengua maya a trav\u00e9s de juegos con n\u00fameros mayas, loter\u00eda, colores, emociones y juegos tradicionales. Esta actividad comenzar\u00e1 a las 5 de la tarde y durar\u00e1 tres horas.<\/p>\n\n\n\n<p>Cabe destacar que la noche del martes pasado, el concierto inaugural del M\u00e9rida Fest reuni\u00f3 a unos pasos del Palacio Municipal, a miles de personas en el que \u201cCon los brazos abiertos\u201d, cuatro m\u00fasicos le dieron la vuelta al mundo con sus voces.<\/p>\n\n\n\n<p>Bajo la direcci\u00f3n de Pedro Carlos Herrera, los cantantes Jes\u00fas Armando, Mar\u00eda Teresa, Maril\u00fa Basulto y Eduardo V\u00e1zquez llevaron al p\u00fablico a una alegre traves\u00eda musical por Per\u00fa, Espa\u00f1a, Puerto Rico, Brasil, Paraguay, Argentina, Colombia, Venezuela y M\u00e9xico, incluyendo un popurr\u00ed de temas yucatecos.<\/p>\n\n\n\n<p>Todas las actividades del festival son gratuitas. El programa completo, que finaliza el 18 de enero, se puede consultar en www.merida.gob.mx\/meridafest<\/p>\n","protected":false},"excerpt":{"rendered":"<p>M\u00c9RIDA, Yucat\u00e1n.- Los ritmos de la jarana yucateca atraparon a meridanas, meridanos y turistas en una noche sinf\u00f3nica y llena de tradiciones con la Orquesta de C\u00e1mara de M\u00e9rida y<\/p>\n","protected":false},"author":2,"featured_media":137545,"comment_status":"open","ping_status":"open","sticky":false,"template":"","format":"standard","meta":{"jetpack_post_was_ever_published":false,"_jetpack_newsletter_access":"","_jetpack_dont_email_post_to_subs":false,"_jetpack_newsletter_tier_id":0,"_jetpack_memberships_contains_paywalled_content":false,"_jetpack_memberships_contains_paid_content":false,"footnotes":"","jetpack_publicize_message":"","jetpack_publicize_feature_enabled":true,"jetpack_social_post_already_shared":true,"jetpack_social_options":{"image_generator_settings":{"template":"highway","default_image_id":0,"font":"","enabled":false},"version":2}},"categories":[54],"tags":[],"class_list":["post-137543","post","type-post","status-publish","format-standard","has-post-thumbnail","hentry","category-yucatan"],"jetpack_publicize_connections":[],"jetpack_featured_media_url":"https:\/\/formalprision.com\/wp-content\/uploads\/2026\/01\/WhatsApp-Image-2026-01-08-at-7.12.07-PM.jpeg","jetpack_sharing_enabled":true,"jetpack_shortlink":"https:\/\/wp.me\/p6id8p-zMr","_links":{"self":[{"href":"https:\/\/formalprision.com\/index.php?rest_route=\/wp\/v2\/posts\/137543","targetHints":{"allow":["GET"]}}],"collection":[{"href":"https:\/\/formalprision.com\/index.php?rest_route=\/wp\/v2\/posts"}],"about":[{"href":"https:\/\/formalprision.com\/index.php?rest_route=\/wp\/v2\/types\/post"}],"author":[{"embeddable":true,"href":"https:\/\/formalprision.com\/index.php?rest_route=\/wp\/v2\/users\/2"}],"replies":[{"embeddable":true,"href":"https:\/\/formalprision.com\/index.php?rest_route=%2Fwp%2Fv2%2Fcomments&post=137543"}],"version-history":[{"count":1,"href":"https:\/\/formalprision.com\/index.php?rest_route=\/wp\/v2\/posts\/137543\/revisions"}],"predecessor-version":[{"id":137544,"href":"https:\/\/formalprision.com\/index.php?rest_route=\/wp\/v2\/posts\/137543\/revisions\/137544"}],"wp:featuredmedia":[{"embeddable":true,"href":"https:\/\/formalprision.com\/index.php?rest_route=\/wp\/v2\/media\/137545"}],"wp:attachment":[{"href":"https:\/\/formalprision.com\/index.php?rest_route=%2Fwp%2Fv2%2Fmedia&parent=137543"}],"wp:term":[{"taxonomy":"category","embeddable":true,"href":"https:\/\/formalprision.com\/index.php?rest_route=%2Fwp%2Fv2%2Fcategories&post=137543"},{"taxonomy":"post_tag","embeddable":true,"href":"https:\/\/formalprision.com\/index.php?rest_route=%2Fwp%2Fv2%2Ftags&post=137543"}],"curies":[{"name":"wp","href":"https:\/\/api.w.org\/{rel}","templated":true}]}}