{"id":137555,"date":"2026-01-09T08:59:10","date_gmt":"2026-01-09T13:59:10","guid":{"rendered":"https:\/\/formalprision.com\/?p=137555"},"modified":"2026-01-10T00:32:42","modified_gmt":"2026-01-10T05:32:42","slug":"matan-al-periodista-carlos-castro-en-poza-rica-veracruz","status":"publish","type":"post","link":"https:\/\/formalprision.com\/?p=137555","title":{"rendered":"Matan al periodista Carlos Castro en Poza Rica, Veracruz"},"content":{"rendered":"\n<p>El periodista Carlos Castro fue asesinado la noche de ayer jueves 8 de enero en un restaurante de Poza Rica, Veracruz.<\/p>\n\n\n\n<p>Primeros reportes se\u00f1alan que sujetos armados entraron al local, dispararon contra el comunicador y huyeron del sitio.<\/p>\n\n\n\n<p>Al sitio llegaron autoridades de los tres niveles de gobierno, quienes tomaron conocimiento de lo ocurrido y acordonaron el sitio, a la espera de la llegada de autoridades ministeriales.<\/p>\n\n\n\n<p>Elementos de la Fiscal\u00eda de Veracruz recogieron en el sitio las primeras pesquisas.<\/p>\n\n\n\n<p>La Comisi\u00f3n Estatal de Atenci\u00f3n y Protecci\u00f3n a Periodistas exigi\u00f3 a las autoridades el esclarecimiento del caso.<\/p>\n","protected":false},"excerpt":{"rendered":"<p>El periodista Carlos Castro fue asesinado la noche de ayer jueves 8 de enero en un restaurante de Poza Rica, Veracruz. Primeros reportes se\u00f1alan que sujetos armados entraron al local,<\/p>\n","protected":false},"author":2,"featured_media":137557,"comment_status":"open","ping_status":"open","sticky":false,"template":"","format":"standard","meta":{"jetpack_post_was_ever_published":false,"_jetpack_newsletter_access":"","_jetpack_dont_email_post_to_subs":false,"_jetpack_newsletter_tier_id":0,"_jetpack_memberships_contains_paywalled_content":false,"_jetpack_memberships_contains_paid_content":false,"footnotes":"","jetpack_publicize_message":"","jetpack_publicize_feature_enabled":true,"jetpack_social_post_already_shared":true,"jetpack_social_options":{"image_generator_settings":{"template":"highway","default_image_id":0,"font":"","enabled":false},"version":2}},"categories":[23],"tags":[],"class_list":["post-137555","post","type-post","status-publish","format-standard","has-post-thumbnail","hentry","category-del-mundo"],"jetpack_publicize_connections":[],"jetpack_featured_media_url":"https:\/\/formalprision.com\/wp-content\/uploads\/2026\/01\/poza.jpg","jetpack_sharing_enabled":true,"jetpack_shortlink":"https:\/\/wp.me\/p6id8p-zMD","_links":{"self":[{"href":"https:\/\/formalprision.com\/index.php?rest_route=\/wp\/v2\/posts\/137555","targetHints":{"allow":["GET"]}}],"collection":[{"href":"https:\/\/formalprision.com\/index.php?rest_route=\/wp\/v2\/posts"}],"about":[{"href":"https:\/\/formalprision.com\/index.php?rest_route=\/wp\/v2\/types\/post"}],"author":[{"embeddable":true,"href":"https:\/\/formalprision.com\/index.php?rest_route=\/wp\/v2\/users\/2"}],"replies":[{"embeddable":true,"href":"https:\/\/formalprision.com\/index.php?rest_route=%2Fwp%2Fv2%2Fcomments&post=137555"}],"version-history":[{"count":1,"href":"https:\/\/formalprision.com\/index.php?rest_route=\/wp\/v2\/posts\/137555\/revisions"}],"predecessor-version":[{"id":137556,"href":"https:\/\/formalprision.com\/index.php?rest_route=\/wp\/v2\/posts\/137555\/revisions\/137556"}],"wp:featuredmedia":[{"embeddable":true,"href":"https:\/\/formalprision.com\/index.php?rest_route=\/wp\/v2\/media\/137557"}],"wp:attachment":[{"href":"https:\/\/formalprision.com\/index.php?rest_route=%2Fwp%2Fv2%2Fmedia&parent=137555"}],"wp:term":[{"taxonomy":"category","embeddable":true,"href":"https:\/\/formalprision.com\/index.php?rest_route=%2Fwp%2Fv2%2Fcategories&post=137555"},{"taxonomy":"post_tag","embeddable":true,"href":"https:\/\/formalprision.com\/index.php?rest_route=%2Fwp%2Fv2%2Ftags&post=137555"}],"curies":[{"name":"wp","href":"https:\/\/api.w.org\/{rel}","templated":true}]}}