{"id":137564,"date":"2026-01-09T10:04:31","date_gmt":"2026-01-09T15:04:31","guid":{"rendered":"https:\/\/formalprision.com\/?p=137564"},"modified":"2026-01-09T10:04:31","modified_gmt":"2026-01-09T15:04:31","slug":"detienen-a-cinco-por-el-triple-homicidio-en-dzilam-gonzalez","status":"publish","type":"post","link":"https:\/\/formalprision.com\/?p=137564","title":{"rendered":"Detienen a cinco por el triple homicidio en Dzilam Gonz\u00e1lez"},"content":{"rendered":"\n<p>Viernes 9 de enero de 2026.-gentes investigadores de la Secretar\u00eda de Seguridad P\u00fablica (SSP), en coordinaci\u00f3n con la Fiscal\u00eda General del Estado (FGE) y con el apoyo de fuerzas federales, dieron cumplimiento a una orden de aprehensi\u00f3n en contra de cinco personas por su probable intervenci\u00f3n en los delitos de homicidio calificado cometido en pandilla y homicidio calificado en grado de tentativa.<\/p>\n\n\n\n<p>Las personas detenidas son Luis Antonio \u201cN\u201d, de 63 a\u00f1os, originario de Chiapas; Alfredo \u201cN\u201d, de 34 a\u00f1os, de Ticul; Ver\u00f3nica Rub\u00ed \u201cN\u201d, de 32 a\u00f1os,  de Chetumal, Quintana Roo; Carlos Alberto \u201cN\u201d, de 34 a\u00f1os, originario de Coatzacoalcos, Veracruz; y Keny El\u00edas \u201cN\u201d, de 27 a\u00f1os, de Canc\u00fan, Quintana Roo.<\/p>\n\n\n\n<p>De acuerdo con los datos de prueba recabados por agentes y fiscales investigadores, los hechos ocurrieron el 5 de enero de 2026, entre las 15:30 y las 16:30 horas, en un predio del municipio de Dzilam Gonz\u00e1lez, donde varias personas se encontraban reunidas.<\/p>\n\n\n\n<p>Al sitio arribaron dos sujetos a bordo de una motocicleta, quienes dispararon en repetidas ocasiones contra las v\u00edctimas. Como resultado del ataque, J. C. V. G. y A. A. R. K. fallecieron en el lugar. L. F. K. T. fue trasladado a un hospital, donde posteriormente perdi\u00f3 la vida a consecuencia de las lesiones. Un menor de edad result\u00f3 lesionado, sin que se consumara la privaci\u00f3n de la vida.<\/p>\n\n\n\n<p>Las causas de muerte fueron determinadas por peritos m\u00e9dicos forenses de la Fiscal\u00eda General del Estado. Las investigaciones establecieron una l\u00ednea de planeaci\u00f3n y coordinaci\u00f3n previa del ataque, lo que permiti\u00f3 identificar a los probables participantes y sustentar las \u00f3rdenes judiciales correspondientes.<\/p>\n\n\n\n<p>Aunque no precis\u00f3 el m\u00f3vil, la SSP se\u00f1al\u00f3 que este resultado es producto de una investigaci\u00f3n s\u00f3lida, trabajo de campo, an\u00e1lisis de informaci\u00f3n y coordinaci\u00f3n institucional, con el objetivo de esclarecer los hechos y llevar ante la justicia a quienes presuntamente participaron. Las cinco personas fueron localizadas, aprehendidas y puestas a disposici\u00f3n del Juez de Control que libr\u00f3 las \u00f3rdenes.<\/p>\n\n\n\n<p><\/p>\n","protected":false},"excerpt":{"rendered":"<p>Viernes 9 de enero de 2026.-gentes investigadores de la Secretar\u00eda de Seguridad P\u00fablica (SSP), en coordinaci\u00f3n con la Fiscal\u00eda General del Estado (FGE) y con el apoyo de fuerzas federales,<\/p>\n","protected":false},"author":1,"featured_media":137565,"comment_status":"open","ping_status":"open","sticky":false,"template":"","format":"standard","meta":{"jetpack_post_was_ever_published":false,"_jetpack_newsletter_access":"","_jetpack_dont_email_post_to_subs":false,"_jetpack_newsletter_tier_id":0,"_jetpack_memberships_contains_paywalled_content":false,"_jetpack_memberships_contains_paid_content":false,"footnotes":"","jetpack_publicize_message":"","jetpack_publicize_feature_enabled":true,"jetpack_social_post_already_shared":true,"jetpack_social_options":{"image_generator_settings":{"template":"highway","default_image_id":0,"font":"","enabled":false},"version":2}},"categories":[54],"tags":[],"class_list":["post-137564","post","type-post","status-publish","format-standard","has-post-thumbnail","hentry","category-yucatan"],"jetpack_publicize_connections":[],"jetpack_featured_media_url":"https:\/\/formalprision.com\/wp-content\/uploads\/2026\/01\/IMG-20260109-WA0000.jpg","jetpack_sharing_enabled":true,"jetpack_shortlink":"https:\/\/wp.me\/p6id8p-zMM","_links":{"self":[{"href":"https:\/\/formalprision.com\/index.php?rest_route=\/wp\/v2\/posts\/137564","targetHints":{"allow":["GET"]}}],"collection":[{"href":"https:\/\/formalprision.com\/index.php?rest_route=\/wp\/v2\/posts"}],"about":[{"href":"https:\/\/formalprision.com\/index.php?rest_route=\/wp\/v2\/types\/post"}],"author":[{"embeddable":true,"href":"https:\/\/formalprision.com\/index.php?rest_route=\/wp\/v2\/users\/1"}],"replies":[{"embeddable":true,"href":"https:\/\/formalprision.com\/index.php?rest_route=%2Fwp%2Fv2%2Fcomments&post=137564"}],"version-history":[{"count":1,"href":"https:\/\/formalprision.com\/index.php?rest_route=\/wp\/v2\/posts\/137564\/revisions"}],"predecessor-version":[{"id":137566,"href":"https:\/\/formalprision.com\/index.php?rest_route=\/wp\/v2\/posts\/137564\/revisions\/137566"}],"wp:featuredmedia":[{"embeddable":true,"href":"https:\/\/formalprision.com\/index.php?rest_route=\/wp\/v2\/media\/137565"}],"wp:attachment":[{"href":"https:\/\/formalprision.com\/index.php?rest_route=%2Fwp%2Fv2%2Fmedia&parent=137564"}],"wp:term":[{"taxonomy":"category","embeddable":true,"href":"https:\/\/formalprision.com\/index.php?rest_route=%2Fwp%2Fv2%2Fcategories&post=137564"},{"taxonomy":"post_tag","embeddable":true,"href":"https:\/\/formalprision.com\/index.php?rest_route=%2Fwp%2Fv2%2Ftags&post=137564"}],"curies":[{"name":"wp","href":"https:\/\/api.w.org\/{rel}","templated":true}]}}