{"id":137567,"date":"2026-01-09T11:47:23","date_gmt":"2026-01-09T16:47:23","guid":{"rendered":"https:\/\/formalprision.com\/?p=137567"},"modified":"2026-01-11T08:26:19","modified_gmt":"2026-01-11T13:26:19","slug":"en-plena-era-del-internet-la-cfe-trae-de-regreso-las-cabinas-telefonicas-a-mexico","status":"publish","type":"post","link":"https:\/\/formalprision.com\/?p=137567","title":{"rendered":"En plena era del internet, la CFE trae de regreso las cabinas telef\u00f3nicas a M\u00e9xico"},"content":{"rendered":"\n<p>Durante d\u00e9cadas fueron parte indispensable en las ciudades y municipios de M\u00e9xico. Hoy, cuando el tel\u00e9fono celular y las aplicaciones de mensajer\u00eda dominan la comunicaci\u00f3n cotidiana, las cabinas telef\u00f3nicas parec\u00edan condenadas a la desaparici\u00f3n. Sin embargo, la CFE apuesta por darles una segunda vida como herramienta para cerrar la brecha digital, incluso cuando su utilidad genera debate.<\/p>\n\n\n\n<p>El uso de las cabinas telef\u00f3nicas en M\u00e9xico ha ca\u00eddo )\/ por la masificaci\u00f3n del internet m\u00f3vil y plataformas como WhatsApp.<\/p>\n\n\n\n<p>En las grandes ciudades de Mexico, muchas cabinas permanecen abandonadas, vandalizadas o simplemente ignoradas. Aun as\u00ed, no han desaparecido por completo y ahora pasa algo inesperado, ya que ser\u00e1n reactivadas como parte de la pol\u00edtica p\u00fablica de conectividad social.<\/p>\n\n\n\n<p>Frente a este contexto, CFE Telecomunicaciones e Internet para Todos (CFE TEIT), proyecto de conectividad del Estado operado por la Comisi\u00f3n Federal de Electricidad, decidi\u00f3 impulsar un programa para reactivar las cabinas telef\u00f3nicas en comunidades con acceso limitado a servicios digitales. Seg\u00fan el medio, el programa funciona mediante convenios con presidencias municipales y ofrece llamadas gratuitas para la poblaci\u00f3n.<\/p>\n\n\n\n<p>A un a\u00f1o de su implementaci\u00f3n, CFE Telecomunicaciones ha instalado 848 casetas telef\u00f3nicas, concentradas principalmente en el sureste del pa\u00eds, en estados como Veracruz, Oaxaca y Chiapas. La empresa sostiene que estas cabinas representan una alternativa para personas afectadas por la brecha generacional o digital, especialmente en comunidades rurales donde el uso de celulares no siempre es viable.<\/p>\n\n\n\n<p>De acuerdo con la CFE, la iniciativa forma parte de una estrategia m\u00e1s amplia que incluye puntos de internet gratuito en espacios p\u00fablicos y paquetes de telefon\u00eda a bajo costo, todos enfocados en comunidades alejadas. La empresa ha se\u00f1alado que tanto j\u00f3venes como personas mayores utilizan las cabinas como una opci\u00f3n confiable para comunicarse, gracias a que no requieren saldo, tarjetas ni registros<\/p>\n\n\n\n<p>No obstante, el programa no est\u00e1 exento de cuestionamiento. Jorge Bravo, presidente de la Asociaci\u00f3n Mexicana del Derecho a la Informaci\u00f3n (Amedi), considera que la reactivaci\u00f3n de cabinas responde a un modelo de conectividad anacr\u00f3nico. El especialista sostiene que los recursos p\u00fablicos deber\u00edan destinarse a infraestructura digital moderna, as\u00ed como a programas de inclusi\u00f3n y alfabetizaci\u00f3n digital.<\/p>\n\n\n\n<p>Uno de los principales problemas se\u00f1alados por expertos es la falta de transparencia. El reporte se\u00f1ala que no se ha hecho p\u00fablica la inversi\u00f3n total del programa ni el volumen de minutos cursados, lo que impide evaluar su eficiencia real.<\/p>\n\n\n\n<p>El debate sobre las cabinas telef\u00f3nicas en el pa\u00eds no solo es tecnol\u00f3gico, sino tambi\u00e9n legal. Telmex mantiene alrededor de medio mill\u00f3n de casetas telef\u00f3nicas obsoletas en M\u00e9xico debido a una obligaci\u00f3n establecida en su t\u00edtulo de concesi\u00f3n de 1990, que le exige instalar y mantener este tipo de infraestructura.<\/p>\n\n\n\n<p>Aunque muchas ya no cuentan con l\u00ednea activa y las tarjetas para usarlas dejaron de producirse, la empresa no ha podido retirarlas, pues durante a\u00f1os el entonces Instituto Federal de Telecomunicaciones neg\u00f3 la reducci\u00f3n del n\u00famero de casetas. As\u00ed, mientras Telmex conserva casetas por obligaci\u00f3n legal, la CFE instala nuevas cabinas y reabre el debate sobre la telefon\u00eda p\u00fablica en la era del celular.<\/p>\n\n\n\n<p>El contraste es evidente. En la Ciudad de M\u00e9xico, el Congreso local aprob\u00f3 un exhorto para retirar m\u00e1s de 213 mil casetas telef\u00f3nicas en desuso, al considerarlas obsoletas y problem\u00e1ticas para el espacio p\u00fablico. Mientras en zonas urbanas se busca eliminarlas, en regiones rurales se les presenta como soluci\u00f3n de conectividad.(Xataka M\u00e9xico)<\/p>\n","protected":false},"excerpt":{"rendered":"<p>Durante d\u00e9cadas fueron parte indispensable en las ciudades y municipios de M\u00e9xico. Hoy, cuando el tel\u00e9fono celular y las aplicaciones de mensajer\u00eda dominan la comunicaci\u00f3n cotidiana, las cabinas telef\u00f3nicas parec\u00edan<\/p>\n","protected":false},"author":1,"featured_media":137568,"comment_status":"open","ping_status":"open","sticky":false,"template":"","format":"standard","meta":{"jetpack_post_was_ever_published":false,"_jetpack_newsletter_access":"","_jetpack_dont_email_post_to_subs":false,"_jetpack_newsletter_tier_id":0,"_jetpack_memberships_contains_paywalled_content":false,"_jetpack_memberships_contains_paid_content":false,"footnotes":"","jetpack_publicize_message":"","jetpack_publicize_feature_enabled":true,"jetpack_social_post_already_shared":true,"jetpack_social_options":{"image_generator_settings":{"template":"highway","default_image_id":0,"font":"","enabled":false},"version":2}},"categories":[23],"tags":[],"class_list":["post-137567","post","type-post","status-publish","format-standard","has-post-thumbnail","hentry","category-del-mundo"],"jetpack_publicize_connections":[],"jetpack_featured_media_url":"https:\/\/formalprision.com\/wp-content\/uploads\/2026\/01\/Screenshot_2026-01-08-06-37-28-203_com.facebook.katana-edit.jpg","jetpack_sharing_enabled":true,"jetpack_shortlink":"https:\/\/wp.me\/p6id8p-zMP","_links":{"self":[{"href":"https:\/\/formalprision.com\/index.php?rest_route=\/wp\/v2\/posts\/137567","targetHints":{"allow":["GET"]}}],"collection":[{"href":"https:\/\/formalprision.com\/index.php?rest_route=\/wp\/v2\/posts"}],"about":[{"href":"https:\/\/formalprision.com\/index.php?rest_route=\/wp\/v2\/types\/post"}],"author":[{"embeddable":true,"href":"https:\/\/formalprision.com\/index.php?rest_route=\/wp\/v2\/users\/1"}],"replies":[{"embeddable":true,"href":"https:\/\/formalprision.com\/index.php?rest_route=%2Fwp%2Fv2%2Fcomments&post=137567"}],"version-history":[{"count":1,"href":"https:\/\/formalprision.com\/index.php?rest_route=\/wp\/v2\/posts\/137567\/revisions"}],"predecessor-version":[{"id":137569,"href":"https:\/\/formalprision.com\/index.php?rest_route=\/wp\/v2\/posts\/137567\/revisions\/137569"}],"wp:featuredmedia":[{"embeddable":true,"href":"https:\/\/formalprision.com\/index.php?rest_route=\/wp\/v2\/media\/137568"}],"wp:attachment":[{"href":"https:\/\/formalprision.com\/index.php?rest_route=%2Fwp%2Fv2%2Fmedia&parent=137567"}],"wp:term":[{"taxonomy":"category","embeddable":true,"href":"https:\/\/formalprision.com\/index.php?rest_route=%2Fwp%2Fv2%2Fcategories&post=137567"},{"taxonomy":"post_tag","embeddable":true,"href":"https:\/\/formalprision.com\/index.php?rest_route=%2Fwp%2Fv2%2Ftags&post=137567"}],"curies":[{"name":"wp","href":"https:\/\/api.w.org\/{rel}","templated":true}]}}