{"id":137570,"date":"2026-01-09T15:25:18","date_gmt":"2026-01-09T20:25:18","guid":{"rendered":"https:\/\/formalprision.com\/?p=137570"},"modified":"2026-01-09T15:25:18","modified_gmt":"2026-01-09T20:25:18","slug":"cambio-de-mando-en-la-32a-zona-militar","status":"publish","type":"post","link":"https:\/\/formalprision.com\/?p=137570","title":{"rendered":"Cambio de mando en la 32a Zona Militar\u00a0"},"content":{"rendered":"\n<p>M\u00e9rida, Yucat\u00e1n, a 9 de enero de 2026.-El gobernador Joaqu\u00edn D\u00edaz Mena encabez\u00f3 la ceremonia de cambio de mando de la 32a Zona Militar, cuya comandancia asumi\u00f3 este d\u00eda el general de Brigada , Juan Manuel Mendoza Portillo.<br>&nbsp;<br>El general Mendoza Portillo, cuenta con m\u00e1s de 36 a\u00f1os de servicio ininterrumpido en el Ej\u00e9rcito Mexicano. Previamente, se desempe\u00f1\u00f3 como jefe de Estado Mayor de la 17.\u00aa Zona Militar, y su cargo m\u00e1s reciente fue el de jefe de la Secci\u00f3n Cuarta del Estado Mayor Conjunto de la Defensa Nacional.<br>&nbsp;<br>A lo largo de su trayectoria, tambi\u00e9n ha ejercido responsabilidades como comandante de Secci\u00f3n y subayudante en unidades blindadas de reconocimiento; oficial instructor en la Escuela Superior de Guerra; jefe del Grupo de Evaluaci\u00f3n de la Subsecci\u00f3n de Promociones de la Secci\u00f3n Primera del Estado Mayor Conjunto de la Defensa Nacional; segundo comandante del 4\/o. Regimiento Blindado de Reconocimiento; jefe de la Secci\u00f3n de Adquisiciones de Veh\u00edculos de la Direcci\u00f3n General de Administraci\u00f3n; y comandante del 2\/o. Regimiento Blindado de Reconocimiento, as\u00ed como del 8\/o. Regimiento Mecanizado, entre otros cargos.<br>&nbsp;<br>De igual manera, fue titular de la Agregadur\u00eda Militar y A\u00e9rea de M\u00e9xico en la Rep\u00fablica de Corea del Sur. En reconocimiento a su trayectoria, obtuvo los ascensos de subteniente a general de brigada, conforme a lo establecido en la Ley de Ascensos y Recompensas del Ej\u00e9rcito y Fuerza A\u00e9rea Mexicanos y su Reglamento.<br>&nbsp;<br>El nuevo comandante de la 32a Zona Militar ha recibido Condecoraciones de Perseverancia, adem\u00e1s de distinciones al Desempe\u00f1o por el Plan DN-III-E Covid-19 y por el Estado Mayor Conjunto de la Defensa Nacional.<br>&nbsp;<br>Asimismo, cuenta con Condecoraciones de Servicios Distinguidos, de la Legi\u00f3n de Honor Militar Mexicana y la Medalla Militar \u201cHermandad de Ej\u00e9rcitos Americanos\u201d.<br>&nbsp;<\/p>\n","protected":false},"excerpt":{"rendered":"<p>M\u00e9rida, Yucat\u00e1n, a 9 de enero de 2026.-El gobernador Joaqu\u00edn D\u00edaz Mena encabez\u00f3 la ceremonia de cambio de mando de la 32a Zona Militar, cuya comandancia asumi\u00f3 este d\u00eda el<\/p>\n","protected":false},"author":1,"featured_media":137571,"comment_status":"open","ping_status":"open","sticky":false,"template":"","format":"standard","meta":{"jetpack_post_was_ever_published":false,"_jetpack_newsletter_access":"","_jetpack_dont_email_post_to_subs":false,"_jetpack_newsletter_tier_id":0,"_jetpack_memberships_contains_paywalled_content":false,"_jetpack_memberships_contains_paid_content":false,"footnotes":"","jetpack_publicize_message":"","jetpack_publicize_feature_enabled":true,"jetpack_social_post_already_shared":true,"jetpack_social_options":{"image_generator_settings":{"template":"highway","default_image_id":0,"font":"","enabled":false},"version":2}},"categories":[14],"tags":[],"class_list":["post-137570","post","type-post","status-publish","format-standard","has-post-thumbnail","hentry","category-merida"],"jetpack_publicize_connections":[],"jetpack_featured_media_url":"https:\/\/formalprision.com\/wp-content\/uploads\/2026\/01\/IMG-20260109-WA0033.jpg","jetpack_sharing_enabled":true,"jetpack_shortlink":"https:\/\/wp.me\/p6id8p-zMS","_links":{"self":[{"href":"https:\/\/formalprision.com\/index.php?rest_route=\/wp\/v2\/posts\/137570","targetHints":{"allow":["GET"]}}],"collection":[{"href":"https:\/\/formalprision.com\/index.php?rest_route=\/wp\/v2\/posts"}],"about":[{"href":"https:\/\/formalprision.com\/index.php?rest_route=\/wp\/v2\/types\/post"}],"author":[{"embeddable":true,"href":"https:\/\/formalprision.com\/index.php?rest_route=\/wp\/v2\/users\/1"}],"replies":[{"embeddable":true,"href":"https:\/\/formalprision.com\/index.php?rest_route=%2Fwp%2Fv2%2Fcomments&post=137570"}],"version-history":[{"count":1,"href":"https:\/\/formalprision.com\/index.php?rest_route=\/wp\/v2\/posts\/137570\/revisions"}],"predecessor-version":[{"id":137572,"href":"https:\/\/formalprision.com\/index.php?rest_route=\/wp\/v2\/posts\/137570\/revisions\/137572"}],"wp:featuredmedia":[{"embeddable":true,"href":"https:\/\/formalprision.com\/index.php?rest_route=\/wp\/v2\/media\/137571"}],"wp:attachment":[{"href":"https:\/\/formalprision.com\/index.php?rest_route=%2Fwp%2Fv2%2Fmedia&parent=137570"}],"wp:term":[{"taxonomy":"category","embeddable":true,"href":"https:\/\/formalprision.com\/index.php?rest_route=%2Fwp%2Fv2%2Fcategories&post=137570"},{"taxonomy":"post_tag","embeddable":true,"href":"https:\/\/formalprision.com\/index.php?rest_route=%2Fwp%2Fv2%2Ftags&post=137570"}],"curies":[{"name":"wp","href":"https:\/\/api.w.org\/{rel}","templated":true}]}}