{"id":137577,"date":"2026-01-10T00:31:16","date_gmt":"2026-01-10T05:31:16","guid":{"rendered":"https:\/\/formalprision.com\/?p=137577"},"modified":"2026-01-11T08:25:52","modified_gmt":"2026-01-11T13:25:52","slug":"merida-fortalece-su-posicionamiento-turistico-con-un-dinamico-arranque-en-2026","status":"publish","type":"post","link":"https:\/\/formalprision.com\/?p=137577","title":{"rendered":"M\u00e9rida fortalece su posicionamiento tur\u00edstico con  un din\u00e1mico arranque en 2026"},"content":{"rendered":"\n<p>M\u00e9rida, Yucat\u00e1n a viernes 9 de enero de 2026.- Consolidando a M\u00e9rida y sus comisar\u00edas como un destino tur\u00edstico din\u00e1mico, diverso y en constante crecimiento, durante 2025 se registraron importantes resultados en la llegada de visitantes, y el arranque de 2026 ha estado marcado por eventos de alto impacto cultural, deportivo y festivo que fortalecen la oferta tur\u00edstica de la ciudad.<\/p>\n\n\n\n<p>Armando Casares Espinosa, titular de la Unidad de Turismo del Ayuntamiento de M\u00e9rida, inform\u00f3 que de acuerdo con datos de la Secretar\u00eda de Fomento Tur\u00edstico del estado, M\u00e9rida cerr\u00f3 con una ocupaci\u00f3n hotelera del 57.2 por ciento, y el turismo estatal registr\u00f3 un crecimiento del 13.5 por ciento. Estas cifras reflejan la s\u00f3lida preferencia del destino entre visitantes nacionales e internacionales, consolidando a M\u00e9rida como uno de los polos culturales y de experiencias m\u00e1s atractivos del sureste mexicano.<\/p>\n\n\n\n<p>\u201cEstos resultados reflejan el trabajo coordinado y la visi\u00f3n de largo plazo de la alcaldesa Cecilia Patr\u00f3n Laviada para posicionar a M\u00e9rida como un destino competitivo, aut\u00e9ntico y hospitalario. Este inicio de 2026 es solo el comienzo de un a\u00f1o con m\u00faltiples acciones y estrategias para seguir promoviendo a nuestra ciudad a nivel nacional e internacional\u201d, se\u00f1al\u00f3.<\/p>\n\n\n\n<p>Destac\u00f3 que lo alcanzado en 2025 y el arranque de 2026 son un impulso para redoblar esfuerzos y continuar promoviendo la ciudad, atraer m\u00e1s visitantes y generar beneficios directos para nuestra comunidad.<\/p>\n\n\n\n<p>Arranque deportivo 2026: Marat\u00f3n M\u00e9rida Banorte<\/p>\n\n\n\n<p>El Marat\u2019hon M\u00e9rida Banorte 2026 marc\u00f3 el inicio de las celebraciones del a\u00f1o con una notable participaci\u00f3n ciudadana y nacional: m\u00e1s de 6 mil corredores inscritos en las distintas distancias, cifra r\u00e9cord para el evento, donde alrededor del 45 por ciento de los participantes provino de otros estados y pa\u00edses, considerando la participaci\u00f3n de 30 estados de la Rep\u00fablica y m\u00e1s de 20 pa\u00edses, consolidando la carrera como un evento de alcance nacional e internacional. Este evento, adem\u00e1s de fomentar el deporte y la convivencia social, impulsa la ocupaci\u00f3n hotelera, la actividad gastron\u00f3mica y el intercambio econ\u00f3mico entre visitantes y el destino.<\/p>\n\n\n\n<p>M\u00e9rida Fest 2026: mayor diversidad cultural.<\/p>\n\n\n\n<p>Del 5 al 18 de enero de 2026, M\u00e9rida Fest transforma la ciudad en un gran escenario cultural con una programaci\u00f3n amplia y gratuita, donde m\u00e1s de 200 actividades culturales y art\u00edsticas para todas las edades, con la participaci\u00f3n de m\u00e1s de 900 artistas en m\u00e1s de 80 sedes alrededor de M\u00e9rida, destacando actividades musicales, de teatro, danza, arte visual, exposiciones y eventos comunitarios que celebraron la identidad y ra\u00edces culturales de la ciudad. Esta festividad se ha consolidado como uno de los eventos culturales m\u00e1s importantes del pa\u00eds durante el inicio de a\u00f1o, atrayendo p\u00fablico local, nacional e internacional.<\/p>\n\n\n\n<p>Carnaval de M\u00e9rida 2026: \u201cCirco Carnaval M\u00e9rida\u201d<\/p>\n\n\n\n<p>Entre el 11 y el 18 de febrero de 2026, M\u00e9rida vivir\u00e1 \u201cCirco Carnaval M\u00e9rida 2026\u201d, una celebraci\u00f3n con nueva tem\u00e1tica y espect\u00e1culos pensados para todas las familias. La propuesta de este carnaval refuerza el posicionamiento de M\u00e9rida como un destino que celebra sus tradiciones con innovaci\u00f3n, seguridad y enfoque familiar.<\/p>\n\n\n\n<p>Casares Espinosa puntualiz\u00f3 que este 2026 el objetivo es claro: innovar, crear m\u00e1s productos tur\u00edsticos, eventos culturales y deportivos de alto impacto, para consolidar a la ciudad como un destino integral para el turismo de experiencias, cultura y convivencia social<\/p>\n","protected":false},"excerpt":{"rendered":"<p>M\u00e9rida, Yucat\u00e1n a viernes 9 de enero de 2026.- Consolidando a M\u00e9rida y sus comisar\u00edas como un destino tur\u00edstico din\u00e1mico, diverso y en constante crecimiento, durante 2025 se registraron importantes<\/p>\n","protected":false},"author":1,"featured_media":137578,"comment_status":"open","ping_status":"open","sticky":false,"template":"","format":"standard","meta":{"jetpack_post_was_ever_published":false,"_jetpack_newsletter_access":"","_jetpack_dont_email_post_to_subs":false,"_jetpack_newsletter_tier_id":0,"_jetpack_memberships_contains_paywalled_content":false,"_jetpack_memberships_contains_paid_content":false,"footnotes":"","jetpack_publicize_message":"","jetpack_publicize_feature_enabled":true,"jetpack_social_post_already_shared":true,"jetpack_social_options":{"image_generator_settings":{"template":"highway","default_image_id":0,"font":"","enabled":false},"version":2}},"categories":[14],"tags":[],"class_list":["post-137577","post","type-post","status-publish","format-standard","has-post-thumbnail","hentry","category-merida"],"jetpack_publicize_connections":[],"jetpack_featured_media_url":"https:\/\/formalprision.com\/wp-content\/uploads\/2026\/01\/FB_IMG_1768022005247.jpg","jetpack_sharing_enabled":true,"jetpack_shortlink":"https:\/\/wp.me\/p6id8p-zMZ","_links":{"self":[{"href":"https:\/\/formalprision.com\/index.php?rest_route=\/wp\/v2\/posts\/137577","targetHints":{"allow":["GET"]}}],"collection":[{"href":"https:\/\/formalprision.com\/index.php?rest_route=\/wp\/v2\/posts"}],"about":[{"href":"https:\/\/formalprision.com\/index.php?rest_route=\/wp\/v2\/types\/post"}],"author":[{"embeddable":true,"href":"https:\/\/formalprision.com\/index.php?rest_route=\/wp\/v2\/users\/1"}],"replies":[{"embeddable":true,"href":"https:\/\/formalprision.com\/index.php?rest_route=%2Fwp%2Fv2%2Fcomments&post=137577"}],"version-history":[{"count":1,"href":"https:\/\/formalprision.com\/index.php?rest_route=\/wp\/v2\/posts\/137577\/revisions"}],"predecessor-version":[{"id":137579,"href":"https:\/\/formalprision.com\/index.php?rest_route=\/wp\/v2\/posts\/137577\/revisions\/137579"}],"wp:featuredmedia":[{"embeddable":true,"href":"https:\/\/formalprision.com\/index.php?rest_route=\/wp\/v2\/media\/137578"}],"wp:attachment":[{"href":"https:\/\/formalprision.com\/index.php?rest_route=%2Fwp%2Fv2%2Fmedia&parent=137577"}],"wp:term":[{"taxonomy":"category","embeddable":true,"href":"https:\/\/formalprision.com\/index.php?rest_route=%2Fwp%2Fv2%2Fcategories&post=137577"},{"taxonomy":"post_tag","embeddable":true,"href":"https:\/\/formalprision.com\/index.php?rest_route=%2Fwp%2Fv2%2Ftags&post=137577"}],"curies":[{"name":"wp","href":"https:\/\/api.w.org\/{rel}","templated":true}]}}