{"id":137593,"date":"2026-01-11T07:47:34","date_gmt":"2026-01-11T12:47:34","guid":{"rendered":"https:\/\/formalprision.com\/?p=137593"},"modified":"2026-01-11T21:19:33","modified_gmt":"2026-01-12T02:19:33","slug":"veinte-mil-meridanos-rinden-emotivo-homenaje-a-manzanero","status":"publish","type":"post","link":"https:\/\/formalprision.com\/?p=137593","title":{"rendered":"Veinte mil meridanos rinden emotivo homenaje a Manzanero"},"content":{"rendered":"\n<p>M\u00c9RIDA, Yucat\u00e1n.- Veinte mil meridanas rindieron emotivo homenaje al compositor yucateco de fama mundial Armando Manzanero, encabezados por la presidenta municipal Cecilia Patr\u00f3n Laviada, durante el evento central del M\u00e9rida Fest 2026 en el marco del 484 aniversario de la capital yucateca.<\/p>\n\n\n\n<p>\u201cEsta noche Manzanero regresa a casa para cantarle a nuestra M\u00e9rida entra\u00f1able. M\u00e9rida de<\/p>\n\n\n\n<p>los ratos felices, hermosa ciudad, musa de su inolvidable trabajo, a la que amaba y que, como \u00e9l, tambi\u00e9n adoramos\u201d, afirm\u00f3 la alcaldesa antes de dar inicio al concierto.<\/p>\n\n\n\n<p>Cecilia dijo que la edici\u00f3n 2026 del festival se torna emotiva al rendir homenaje a un gran<\/p>\n\n\n\n<figure class=\"wp-block-image size-large\"><a href=\"http:\/\/formalprision.com\/wp-content\/uploads\/2026\/01\/WhatsApp-Image-2026-01-10-at-11.53.46-PM.jpeg\"><img loading=\"lazy\" decoding=\"async\" width=\"856\" height=\"1024\" src=\"http:\/\/formalprision.com\/wp-content\/uploads\/2026\/01\/WhatsApp-Image-2026-01-10-at-11.53.46-PM-856x1024.jpeg\" alt=\"\" class=\"wp-image-137595\" srcset=\"https:\/\/formalprision.com\/wp-content\/uploads\/2026\/01\/WhatsApp-Image-2026-01-10-at-11.53.46-PM-856x1024.jpeg 856w, https:\/\/formalprision.com\/wp-content\/uploads\/2026\/01\/WhatsApp-Image-2026-01-10-at-11.53.46-PM-251x300.jpeg 251w, https:\/\/formalprision.com\/wp-content\/uploads\/2026\/01\/WhatsApp-Image-2026-01-10-at-11.53.46-PM-768x919.jpeg 768w, https:\/\/formalprision.com\/wp-content\/uploads\/2026\/01\/WhatsApp-Image-2026-01-10-at-11.53.46-PM.jpeg 900w\" sizes=\"auto, (max-width: 856px) 100vw, 856px\" \/><\/a><\/figure>\n\n\n\n<p>artista que con sus letras y sus acordes inspir\u00f3 a muchas personas en todo el mundo en torno al amor.<\/p>\n\n\n\n<p>Una noche estrellada fue el marco del espect\u00e1culo, estreno mundial en honor del afamado compositor yucateco, que protagonizaron Susana Zabaleta, Alex Lora, Francisco C\u00e9spedes y Juan Pablo Manzanero.<\/p>\n\n\n\n<p>El talento local se uni\u00f3 a la gran fiesta, con la intervenci\u00f3n de Los Juglares, Gina Osorno e integrantes de la Orquesta de C\u00e1mara de M\u00e9rida bajo la direcci\u00f3n de Rusell Monta\u00f1ez Coronado.<\/p>\n\n\n\n<p>Conocidos temas del \u00edcono yucateco como \u201cSomos novios\u201d, \u201cMia\u201d, \u00abEsta tarde vi llover\u00bb, \u00abAdoro\u00bb, \u00abNo\u00bb, \u00abContigo aprend\u00ed\u00bb, \u00abCuando estoy contigo\u00bb, \u00abSe\u00f1or amor\u00bb, \u00abComo yo te am\u00e9\u00bb, \u00abNo s\u00e9 t\u00fa\u00bb, que corearon los espectadores.<\/p>\n\n\n\n<p>Uno de los momentos m\u00e1s emotivos fue la aparici\u00f3n del maestro Manzanero interpretando algunos de los temas gracias a la tecnolog\u00eda y la Inteligencia Artificial.<\/p>\n\n\n\n<p>El p\u00fablico tambi\u00e9n disfrut\u00f3 de temas que han hecho famosos a los artistas que fueron parte de este homenaje.<\/p>\n\n\n\n<p>Los eventos del M\u00e9rida Fest 2026 contin\u00faan hasta el 18 de enero.<\/p>\n\n\n\n<p>La cartelera completa se puede consultar en merida.gob.mx\/meridafest<\/p>\n","protected":false},"excerpt":{"rendered":"<p>M\u00c9RIDA, Yucat\u00e1n.- Veinte mil meridanas rindieron emotivo homenaje al compositor yucateco de fama mundial Armando Manzanero, encabezados por la presidenta municipal Cecilia Patr\u00f3n Laviada, durante el evento central del M\u00e9rida<\/p>\n","protected":false},"author":2,"featured_media":137596,"comment_status":"open","ping_status":"open","sticky":false,"template":"","format":"standard","meta":{"jetpack_post_was_ever_published":false,"_jetpack_newsletter_access":"","_jetpack_dont_email_post_to_subs":false,"_jetpack_newsletter_tier_id":0,"_jetpack_memberships_contains_paywalled_content":false,"_jetpack_memberships_contains_paid_content":false,"footnotes":"","jetpack_publicize_message":"","jetpack_publicize_feature_enabled":true,"jetpack_social_post_already_shared":true,"jetpack_social_options":{"image_generator_settings":{"template":"highway","default_image_id":0,"font":"","enabled":false},"version":2}},"categories":[14],"tags":[],"class_list":["post-137593","post","type-post","status-publish","format-standard","has-post-thumbnail","hentry","category-merida"],"jetpack_publicize_connections":[],"jetpack_featured_media_url":"https:\/\/formalprision.com\/wp-content\/uploads\/2026\/01\/WhatsApp-Image-2026-01-10-at-11.36.14-PM1.jpeg","jetpack_sharing_enabled":true,"jetpack_shortlink":"https:\/\/wp.me\/p6id8p-zNf","_links":{"self":[{"href":"https:\/\/formalprision.com\/index.php?rest_route=\/wp\/v2\/posts\/137593","targetHints":{"allow":["GET"]}}],"collection":[{"href":"https:\/\/formalprision.com\/index.php?rest_route=\/wp\/v2\/posts"}],"about":[{"href":"https:\/\/formalprision.com\/index.php?rest_route=\/wp\/v2\/types\/post"}],"author":[{"embeddable":true,"href":"https:\/\/formalprision.com\/index.php?rest_route=\/wp\/v2\/users\/2"}],"replies":[{"embeddable":true,"href":"https:\/\/formalprision.com\/index.php?rest_route=%2Fwp%2Fv2%2Fcomments&post=137593"}],"version-history":[{"count":2,"href":"https:\/\/formalprision.com\/index.php?rest_route=\/wp\/v2\/posts\/137593\/revisions"}],"predecessor-version":[{"id":137597,"href":"https:\/\/formalprision.com\/index.php?rest_route=\/wp\/v2\/posts\/137593\/revisions\/137597"}],"wp:featuredmedia":[{"embeddable":true,"href":"https:\/\/formalprision.com\/index.php?rest_route=\/wp\/v2\/media\/137596"}],"wp:attachment":[{"href":"https:\/\/formalprision.com\/index.php?rest_route=%2Fwp%2Fv2%2Fmedia&parent=137593"}],"wp:term":[{"taxonomy":"category","embeddable":true,"href":"https:\/\/formalprision.com\/index.php?rest_route=%2Fwp%2Fv2%2Fcategories&post=137593"},{"taxonomy":"post_tag","embeddable":true,"href":"https:\/\/formalprision.com\/index.php?rest_route=%2Fwp%2Fv2%2Ftags&post=137593"}],"curies":[{"name":"wp","href":"https:\/\/api.w.org\/{rel}","templated":true}]}}