{"id":137627,"date":"2026-01-12T19:03:01","date_gmt":"2026-01-13T00:03:01","guid":{"rendered":"https:\/\/formalprision.com\/?p=137627"},"modified":"2026-01-12T19:03:01","modified_gmt":"2026-01-13T00:03:01","slug":"yucatan-capta-mas-de-3-mil-mdp-en-inversion-privada-y-fortalece-su-dinamismo-economico","status":"publish","type":"post","link":"https:\/\/formalprision.com\/?p=137627","title":{"rendered":"Yucat\u00e1n capta m\u00e1s de 3 mil mdp en inversi\u00f3n privada y fortalece su dinamismo econ\u00f3mico"},"content":{"rendered":"\n<p>M\u00e9rida, Yucat\u00e1n, a 12 de enero de 2026.+El gobernador Joaqu\u00edn D\u00edaz Mena anunci\u00f3 la llegada de inversiones privadas por 3 mil 55 millones de pesos a Yucat\u00e1n, resultado de la confianza en un estado con estabilidad, seguridad y un gobierno que cumple.<br>&nbsp;<br>Los recursos, detall\u00f3 el mandatario estatal, se reflejar\u00e1n en empleos, mayor dinamismo econ\u00f3mico y nuevas oportunidades para miles de familias yucatecas.<br>&nbsp;<br>D\u00edaz Mena precis\u00f3 que se trata de 11 proyectos de inversi\u00f3n y reinversi\u00f3n en sectores estrat\u00e9gicos como industria, log\u00edstica, salud, educaci\u00f3n, comercio y alimentos, que se desarrollar\u00e1n en los municipios de M\u00e9rida, Um\u00e1n, Hunucm\u00e1, Progreso y Kanas\u00edn que, en conjunto, permitir\u00e1n la generaci\u00f3n de m\u00e1s de dos mil 100 empleos directos e indirectos, fortaleciendo los ingresos y las condiciones de vida de la poblaci\u00f3n.<br>&nbsp;<br>Ante representantes de las empresas End\u00e9mico \u2014parque industrial y log\u00edstico desarrollado por Simca\u2014, del proyecto de Amazon desarrollado por Frontier Industries, as\u00ed como de Iassa, Unitec, Aproil, TGI Fridays M\u00e9xico, Remix, Kinam, Grupo Lamosa, La Anita y Jugos Noble, el gobernador reconoci\u00f3 la confianza de quienes deciden invertir en la entidad y destac\u00f3 que estos anuncios env\u00edan un mensaje de certeza a m\u00e1s empresarias y empresarios para considerar a Yucat\u00e1n como destino de inversi\u00f3n.<\/p>\n","protected":false},"excerpt":{"rendered":"<p>M\u00e9rida, Yucat\u00e1n, a 12 de enero de 2026.+El gobernador Joaqu\u00edn D\u00edaz Mena anunci\u00f3 la llegada de inversiones privadas por 3 mil 55 millones de pesos a Yucat\u00e1n, resultado de la<\/p>\n","protected":false},"author":1,"featured_media":137628,"comment_status":"open","ping_status":"open","sticky":false,"template":"","format":"standard","meta":{"jetpack_post_was_ever_published":false,"_jetpack_newsletter_access":"","_jetpack_dont_email_post_to_subs":false,"_jetpack_newsletter_tier_id":0,"_jetpack_memberships_contains_paywalled_content":false,"_jetpack_memberships_contains_paid_content":false,"footnotes":"","jetpack_publicize_message":"","jetpack_publicize_feature_enabled":true,"jetpack_social_post_already_shared":true,"jetpack_social_options":{"image_generator_settings":{"template":"highway","default_image_id":0,"font":"","enabled":false},"version":2}},"categories":[14],"tags":[],"class_list":["post-137627","post","type-post","status-publish","format-standard","has-post-thumbnail","hentry","category-merida"],"jetpack_publicize_connections":[],"jetpack_featured_media_url":"https:\/\/formalprision.com\/wp-content\/uploads\/2026\/01\/IMG-20260112-WA0059.jpg","jetpack_sharing_enabled":true,"jetpack_shortlink":"https:\/\/wp.me\/p6id8p-zNN","_links":{"self":[{"href":"https:\/\/formalprision.com\/index.php?rest_route=\/wp\/v2\/posts\/137627","targetHints":{"allow":["GET"]}}],"collection":[{"href":"https:\/\/formalprision.com\/index.php?rest_route=\/wp\/v2\/posts"}],"about":[{"href":"https:\/\/formalprision.com\/index.php?rest_route=\/wp\/v2\/types\/post"}],"author":[{"embeddable":true,"href":"https:\/\/formalprision.com\/index.php?rest_route=\/wp\/v2\/users\/1"}],"replies":[{"embeddable":true,"href":"https:\/\/formalprision.com\/index.php?rest_route=%2Fwp%2Fv2%2Fcomments&post=137627"}],"version-history":[{"count":1,"href":"https:\/\/formalprision.com\/index.php?rest_route=\/wp\/v2\/posts\/137627\/revisions"}],"predecessor-version":[{"id":137629,"href":"https:\/\/formalprision.com\/index.php?rest_route=\/wp\/v2\/posts\/137627\/revisions\/137629"}],"wp:featuredmedia":[{"embeddable":true,"href":"https:\/\/formalprision.com\/index.php?rest_route=\/wp\/v2\/media\/137628"}],"wp:attachment":[{"href":"https:\/\/formalprision.com\/index.php?rest_route=%2Fwp%2Fv2%2Fmedia&parent=137627"}],"wp:term":[{"taxonomy":"category","embeddable":true,"href":"https:\/\/formalprision.com\/index.php?rest_route=%2Fwp%2Fv2%2Fcategories&post=137627"},{"taxonomy":"post_tag","embeddable":true,"href":"https:\/\/formalprision.com\/index.php?rest_route=%2Fwp%2Fv2%2Ftags&post=137627"}],"curies":[{"name":"wp","href":"https:\/\/api.w.org\/{rel}","templated":true}]}}