{"id":137633,"date":"2026-01-12T21:12:42","date_gmt":"2026-01-13T02:12:42","guid":{"rendered":"https:\/\/formalprision.com\/?p=137633"},"modified":"2026-01-13T21:26:19","modified_gmt":"2026-01-14T02:26:19","slug":"trump-se-reunira-con-maria-corina-machado-en-la-casa-blanca","status":"publish","type":"post","link":"https:\/\/formalprision.com\/?p=137633","title":{"rendered":"Trump se reunir\u00e1 con Mar\u00eda Corina Machado en la Casa Blanca"},"content":{"rendered":"\n<p>El presidente de EE.UU., Donald Trump, recibir\u00e1 a la l\u00edder opositora venezolana Mar\u00eda Corina Machado el pr\u00f3ximo jueves en la Casa Blanca, confirm\u00f3 a EFE un funcionario de la Administraci\u00f3n estadounidense.<\/p>\n\n\n\n<p>El encuentro tendr\u00e1 lugar despu\u00e9s de que Trump adelantara la semana pasada que planeaba abordar el rol de la Premio Nobel de la Paz en el futuro de Venezuela tras la captura del presidente venezolano, Nicol\u00e1s Maduro, y en medio de las actuales negociaciones de Washington con el Gobierno interino en Caracas.<\/p>\n\n\n\n<p>La visita de Machado tambi\u00e9n se produce despu\u00e9s de que el republicano descartara a la opositora para liderar por el momento al pa\u00eds sudamericano y en su lugar eligiera reconocer la presidencia interina de la chavista Delcy Rodr\u00edguez, con quien pact\u00f3 la gesti\u00f3n de la venta de millones de barriles de crudo.<\/p>\n\n\n\n<p>\u00abVoy a tener que hablar con ella. Podr\u00eda estar involucrada en alg\u00fan aspecto. Tendr\u00e9 que hablar con ella. Creo que es muy amable por su parte querer venir\u201d, dijo Trump al ser interpelado por la prensa sobre si cambiar\u00eda su postura en cuanto a Machado si esta si le entregara su Premio Nobel.<\/p>\n\n\n\n<p>Seg\u00fan reportes de The Washington Post, el presidente estadounidense habr\u00eda decidido no incluir a la l\u00edder opositora en sus planes para Venezuela despu\u00e9s de que esta aceptara el prestigioso galard\u00f3n, codiciado abiertamente por \u00e9l.<\/p>\n\n\n\n<p>Machado, que ya hab\u00eda dedicado el Nobel a Trump cuando lo recibi\u00f3, afirm\u00f3 el pasado lunes en una entrevista en la cadena estadounidense Fox News que \u201cciertamente quiere d\u00e1rselo y compartirlo con \u00e9l (Trump)\u201d, a lo que el Instituto Nobel noruego explic\u00f3 que un Premio Nobel no se puede transferir a terceros.<\/p>\n","protected":false},"excerpt":{"rendered":"<p>El presidente de EE.UU., Donald Trump, recibir\u00e1 a la l\u00edder opositora venezolana Mar\u00eda Corina Machado el pr\u00f3ximo jueves en la Casa Blanca, confirm\u00f3 a EFE un funcionario de la Administraci\u00f3n<\/p>\n","protected":false},"author":2,"featured_media":137635,"comment_status":"open","ping_status":"open","sticky":false,"template":"","format":"standard","meta":{"jetpack_post_was_ever_published":false,"_jetpack_newsletter_access":"","_jetpack_dont_email_post_to_subs":false,"_jetpack_newsletter_tier_id":0,"_jetpack_memberships_contains_paywalled_content":false,"_jetpack_memberships_contains_paid_content":false,"footnotes":"","jetpack_publicize_message":"","jetpack_publicize_feature_enabled":true,"jetpack_social_post_already_shared":true,"jetpack_social_options":{"image_generator_settings":{"template":"highway","default_image_id":0,"font":"","enabled":false},"version":2}},"categories":[23],"tags":[],"class_list":["post-137633","post","type-post","status-publish","format-standard","has-post-thumbnail","hentry","category-del-mundo"],"jetpack_publicize_connections":[],"jetpack_featured_media_url":"https:\/\/formalprision.com\/wp-content\/uploads\/2026\/01\/donald-trump-y-maria-corina-machado.jpg","jetpack_sharing_enabled":true,"jetpack_shortlink":"https:\/\/wp.me\/p6id8p-zNT","_links":{"self":[{"href":"https:\/\/formalprision.com\/index.php?rest_route=\/wp\/v2\/posts\/137633","targetHints":{"allow":["GET"]}}],"collection":[{"href":"https:\/\/formalprision.com\/index.php?rest_route=\/wp\/v2\/posts"}],"about":[{"href":"https:\/\/formalprision.com\/index.php?rest_route=\/wp\/v2\/types\/post"}],"author":[{"embeddable":true,"href":"https:\/\/formalprision.com\/index.php?rest_route=\/wp\/v2\/users\/2"}],"replies":[{"embeddable":true,"href":"https:\/\/formalprision.com\/index.php?rest_route=%2Fwp%2Fv2%2Fcomments&post=137633"}],"version-history":[{"count":2,"href":"https:\/\/formalprision.com\/index.php?rest_route=\/wp\/v2\/posts\/137633\/revisions"}],"predecessor-version":[{"id":137636,"href":"https:\/\/formalprision.com\/index.php?rest_route=\/wp\/v2\/posts\/137633\/revisions\/137636"}],"wp:featuredmedia":[{"embeddable":true,"href":"https:\/\/formalprision.com\/index.php?rest_route=\/wp\/v2\/media\/137635"}],"wp:attachment":[{"href":"https:\/\/formalprision.com\/index.php?rest_route=%2Fwp%2Fv2%2Fmedia&parent=137633"}],"wp:term":[{"taxonomy":"category","embeddable":true,"href":"https:\/\/formalprision.com\/index.php?rest_route=%2Fwp%2Fv2%2Fcategories&post=137633"},{"taxonomy":"post_tag","embeddable":true,"href":"https:\/\/formalprision.com\/index.php?rest_route=%2Fwp%2Fv2%2Ftags&post=137633"}],"curies":[{"name":"wp","href":"https:\/\/api.w.org\/{rel}","templated":true}]}}