{"id":137640,"date":"2026-01-12T23:39:37","date_gmt":"2026-01-13T04:39:37","guid":{"rendered":"https:\/\/formalprision.com\/?p=137640"},"modified":"2026-01-13T21:25:55","modified_gmt":"2026-01-14T02:25:55","slug":"detienen-al-rector-de-la-universidad-autonoma-de-campeche-orden-de-layda","status":"publish","type":"post","link":"https:\/\/formalprision.com\/?p=137640","title":{"rendered":"Detienen al rector de la Universidad Aut\u00f3noma de Campeche \u00bforden de Layda?"},"content":{"rendered":"\n<p>La ma\u00f1ana de este lunes fue detenido por elementos de la Polic\u00eda Estatal Preventiva, Jos\u00e9 Alberto Abud Flores, rector de la Universidad Aut\u00f3noma de Campeche (UAC).<\/p>\n\n\n\n<p>El hecho fue confirmado a trav\u00e9s del Registro Nacional de Detenciones.<\/p>\n\n\n\n<p>Presuntamente, el acad\u00e9mico fue detenido por posesi\u00f3n de drogas, con algunos reportes se\u00f1alando que ser\u00eda coca\u00edna, aunque los detalles exactos de la sustancia no se han precisado p\u00fablicamente.<\/p>\n\n\n\n<p>Alberto Abud hab\u00eda sido presionado pol\u00edtica y personalmente para que renunciara al cargo por el gobierno de la morenista Layda Sansores.<\/p>\n","protected":false},"excerpt":{"rendered":"<p>La ma\u00f1ana de este lunes fue detenido por elementos de la Polic\u00eda Estatal Preventiva, Jos\u00e9 Alberto Abud Flores, rector de la Universidad Aut\u00f3noma de Campeche (UAC). El hecho fue confirmado<\/p>\n","protected":false},"author":1,"featured_media":137641,"comment_status":"open","ping_status":"open","sticky":false,"template":"","format":"standard","meta":{"jetpack_post_was_ever_published":false,"_jetpack_newsletter_access":"","_jetpack_dont_email_post_to_subs":false,"_jetpack_newsletter_tier_id":0,"_jetpack_memberships_contains_paywalled_content":false,"_jetpack_memberships_contains_paid_content":false,"footnotes":"","jetpack_publicize_message":"","jetpack_publicize_feature_enabled":true,"jetpack_social_post_already_shared":true,"jetpack_social_options":{"image_generator_settings":{"template":"highway","default_image_id":0,"font":"","enabled":false},"version":2}},"categories":[23,21],"tags":[],"class_list":["post-137640","post","type-post","status-publish","format-standard","has-post-thumbnail","hentry","category-del-mundo","category-nacionales"],"jetpack_publicize_connections":[],"jetpack_featured_media_url":"https:\/\/formalprision.com\/wp-content\/uploads\/2026\/01\/FB_IMG_1768278381744.jpg","jetpack_sharing_enabled":true,"jetpack_shortlink":"https:\/\/wp.me\/p6id8p-zO0","_links":{"self":[{"href":"https:\/\/formalprision.com\/index.php?rest_route=\/wp\/v2\/posts\/137640","targetHints":{"allow":["GET"]}}],"collection":[{"href":"https:\/\/formalprision.com\/index.php?rest_route=\/wp\/v2\/posts"}],"about":[{"href":"https:\/\/formalprision.com\/index.php?rest_route=\/wp\/v2\/types\/post"}],"author":[{"embeddable":true,"href":"https:\/\/formalprision.com\/index.php?rest_route=\/wp\/v2\/users\/1"}],"replies":[{"embeddable":true,"href":"https:\/\/formalprision.com\/index.php?rest_route=%2Fwp%2Fv2%2Fcomments&post=137640"}],"version-history":[{"count":1,"href":"https:\/\/formalprision.com\/index.php?rest_route=\/wp\/v2\/posts\/137640\/revisions"}],"predecessor-version":[{"id":137642,"href":"https:\/\/formalprision.com\/index.php?rest_route=\/wp\/v2\/posts\/137640\/revisions\/137642"}],"wp:featuredmedia":[{"embeddable":true,"href":"https:\/\/formalprision.com\/index.php?rest_route=\/wp\/v2\/media\/137641"}],"wp:attachment":[{"href":"https:\/\/formalprision.com\/index.php?rest_route=%2Fwp%2Fv2%2Fmedia&parent=137640"}],"wp:term":[{"taxonomy":"category","embeddable":true,"href":"https:\/\/formalprision.com\/index.php?rest_route=%2Fwp%2Fv2%2Fcategories&post=137640"},{"taxonomy":"post_tag","embeddable":true,"href":"https:\/\/formalprision.com\/index.php?rest_route=%2Fwp%2Fv2%2Ftags&post=137640"}],"curies":[{"name":"wp","href":"https:\/\/api.w.org\/{rel}","templated":true}]}}