{"id":137652,"date":"2026-01-13T19:59:10","date_gmt":"2026-01-14T00:59:10","guid":{"rendered":"https:\/\/formalprision.com\/?p=137652"},"modified":"2026-01-14T20:42:42","modified_gmt":"2026-01-15T01:42:42","slug":"el-ayuntamiento-de-merida-impulsa-la-economia-de-las-familias","status":"publish","type":"post","link":"https:\/\/formalprision.com\/?p=137652","title":{"rendered":"El Ayuntamiento de M\u00e9rida impulsa la econom\u00eda de las familias"},"content":{"rendered":"\n<p>M\u00c9RIDA, Yucat\u00e1n.- El Ayuntamiento de M\u00e9rida da impulso a la econom\u00eda de las familias con la apertura de diversos programas que permiten encontrar una oportunidad laboral, desarrollar habilidades para el autoempleo o ayudan a consolidar emprendimientos, as\u00ed lo dio a conocer la presidenta municipal Cecilia Patr\u00f3n Laviada.&nbsp;<\/p>\n\n\n\n<p>\u201cYa seas un joven emprendedor, una madre de familia que quiere mejorar su econom\u00eda o un padre de familia que desea encontrar una mejor oportunidad laboral, el Ayuntamiento de M\u00e9rida pone a disposici\u00f3n diferentes programas para lograr que las y los meridanos cuenten con m\u00e1s opciones de salir adelante y nadie se quede atr\u00e1s\u201d, coment\u00f3 la mun\u00edcipe.&nbsp;&nbsp;<\/p>\n\n\n\n<p>La alcaldesa inform\u00f3 la apertura de la convocatoria para unirse al programa \u201cEmprendo Contigo\u201d que ofrece a los emprendedores de M\u00e9rida y sus comisar\u00edas mentor\u00edas y capacitaciones que ayuden a consolidar sus negocios.&nbsp;<\/p>\n\n\n\n<p>Los participantes tambi\u00e9n pueden contar con espacios de promoci\u00f3n para sus productos y servicios, uso de las instalaciones y servicios, apoyo y seguimiento para registro de marca, herramientas tecnol\u00f3gicas y vinculaci\u00f3n con instituciones p\u00fablicas y privadas.<\/p>\n\n\n\n<p>Los interesados, que tengan 18 a\u00f1os en adelante, podr\u00e1n aplicar de forma individual o por equipos (no mayor a 3 integrantes). Las bases y requisitos completos podr\u00e1n consultarlos en merida.gob.mx\/emprendedores y tendr\u00e1n como fecha l\u00edmite de registro el 9 de febrero.<\/p>\n\n\n\n<p>\u201cEste a\u00f1o buscamos que arranque el 12 de marzo, y esperamos contar con m\u00e1s de 100 proyectos participantes este a\u00f1o, que en su mayor\u00eda son mujeres y con participantes de variadas edades. Muchas veces luego de esta experiencia aplican para alg\u00fan programa de cr\u00e9dito que ayuda a darle un impulso extra a su negocio\u201d, extern\u00f3 Mauricio D\u00edaz Montalvo, director de Prosperidad y Bienestar Econ\u00f3mico.&nbsp;<\/p>\n\n\n\n<p>El titular de la dependencia agreg\u00f3 que tambi\u00e9n ya se encuentran disponibles los 1 mil espacios gratuitos para cursos en los 20 Centros de Capacitaci\u00f3n Laboral del municipio. Se contar\u00e1 con alrededor de 46 cursos entre elaboraci\u00f3n de pi\u00f1atas, macram\u00e9, bisuter\u00eda, amigurumi, velas y jabones, crochet, corte confecci\u00f3n entre otros.&nbsp;<\/p>\n\n\n\n<p>Quienes deseen inscribirse podr\u00e1n realizarlo a partir del d\u00eda lunes 26 de enero en cualquiera de los diferentes centros, llenando un formato de registro y contando a mano con una copia de su INE. Para mayor informaci\u00f3n de la ubicaci\u00f3n de los Centros de Capacitaci\u00f3n Laboral y m\u00e1s cursos consultar en merida.gob.mx\/centrosdecapacitacion<\/p>\n\n\n\n<p>En ese sentido la Direcci\u00f3n de Prosperidad y Bienestar Econ\u00f3mico acercar\u00e1 oportunidades laborales a las colonias y fraccionamientos de M\u00e9rida mediante Ferias del Empleo m\u00f3viles, arrancando este 20 de enero en la Plaza Santos Sur ubicado en la Emiliano Zapata Sur de 9 a.m. a 2 p.m. y<\/p>\n\n\n\n<p>Hasta el momento se han realizado 12 ferias laborales, resultando en 401 personas contratadas teniendo un total de m\u00e1s de 300 empresas activas que participan y 83 empresas que forman parte de la modalidad de ferias m\u00f3viles.<\/p>\n\n\n\n<p>En total se realizar\u00e1n alrededor de 12 ferias del empleo distintas que podr\u00e1s consultar en la p\u00e1gina de merida.gob.mx\/empleo.<\/p>\n","protected":false},"excerpt":{"rendered":"<p>M\u00c9RIDA, Yucat\u00e1n.- El Ayuntamiento de M\u00e9rida da impulso a la econom\u00eda de las familias con la apertura de diversos programas que permiten encontrar una oportunidad laboral, desarrollar habilidades para el<\/p>\n","protected":false},"author":2,"featured_media":137654,"comment_status":"open","ping_status":"open","sticky":false,"template":"","format":"standard","meta":{"jetpack_post_was_ever_published":false,"_jetpack_newsletter_access":"","_jetpack_dont_email_post_to_subs":false,"_jetpack_newsletter_tier_id":0,"_jetpack_memberships_contains_paywalled_content":false,"_jetpack_memberships_contains_paid_content":false,"footnotes":"","jetpack_publicize_message":"","jetpack_publicize_feature_enabled":true,"jetpack_social_post_already_shared":true,"jetpack_social_options":{"image_generator_settings":{"template":"highway","default_image_id":0,"font":"","enabled":false},"version":2}},"categories":[14],"tags":[],"class_list":["post-137652","post","type-post","status-publish","format-standard","has-post-thumbnail","hentry","category-merida"],"jetpack_publicize_connections":[],"jetpack_featured_media_url":"https:\/\/formalprision.com\/wp-content\/uploads\/2026\/01\/WhatsApp-Image-2026-01-13-at-6.26.32-PM.jpeg","jetpack_sharing_enabled":true,"jetpack_shortlink":"https:\/\/wp.me\/p6id8p-zOc","_links":{"self":[{"href":"https:\/\/formalprision.com\/index.php?rest_route=\/wp\/v2\/posts\/137652","targetHints":{"allow":["GET"]}}],"collection":[{"href":"https:\/\/formalprision.com\/index.php?rest_route=\/wp\/v2\/posts"}],"about":[{"href":"https:\/\/formalprision.com\/index.php?rest_route=\/wp\/v2\/types\/post"}],"author":[{"embeddable":true,"href":"https:\/\/formalprision.com\/index.php?rest_route=\/wp\/v2\/users\/2"}],"replies":[{"embeddable":true,"href":"https:\/\/formalprision.com\/index.php?rest_route=%2Fwp%2Fv2%2Fcomments&post=137652"}],"version-history":[{"count":1,"href":"https:\/\/formalprision.com\/index.php?rest_route=\/wp\/v2\/posts\/137652\/revisions"}],"predecessor-version":[{"id":137653,"href":"https:\/\/formalprision.com\/index.php?rest_route=\/wp\/v2\/posts\/137652\/revisions\/137653"}],"wp:featuredmedia":[{"embeddable":true,"href":"https:\/\/formalprision.com\/index.php?rest_route=\/wp\/v2\/media\/137654"}],"wp:attachment":[{"href":"https:\/\/formalprision.com\/index.php?rest_route=%2Fwp%2Fv2%2Fmedia&parent=137652"}],"wp:term":[{"taxonomy":"category","embeddable":true,"href":"https:\/\/formalprision.com\/index.php?rest_route=%2Fwp%2Fv2%2Fcategories&post=137652"},{"taxonomy":"post_tag","embeddable":true,"href":"https:\/\/formalprision.com\/index.php?rest_route=%2Fwp%2Fv2%2Ftags&post=137652"}],"curies":[{"name":"wp","href":"https:\/\/api.w.org\/{rel}","templated":true}]}}